{"id":3523,"date":"2026-04-25T21:11:06","date_gmt":"2026-04-25T19:11:06","guid":{"rendered":"https:\/\/lukowe.przemyska.pl\/?p=3523"},"modified":"2026-04-25T21:12:01","modified_gmt":"2026-04-25T19:12:01","slug":"pierwsza-komunia-swieta","status":"publish","type":"post","link":"https:\/\/lukowe.przemyska.pl\/index.php\/2026\/04\/25\/pierwsza-komunia-swieta\/","title":{"rendered":"Pierwsza Komunia \u015awi\u0119ta"},"content":{"rendered":"<p style=\"text-align: justify;\">M\u00f3dlmy si\u0119 za naszych m\u0142odych Parafian: Gracjana, Huberta, Alana, Dian\u0119, Maksymiliana, Aleksandra, Marcela, Emila, Dorot\u0119 i Micha\u0142a, przyst\u0119puj\u0105cych w tym roku do Pierwszej Komunii \u015awi\u0119tej.&nbsp;<\/p>\n<p style=\"text-align: justify;\"><strong><span style=\"color: #ff0000;\">Bo\u017ce, Ty nam da\u0142e\u015b prawdziwy chleb z nieba, spraw aby\u015bmy moc\u0105 duchowego Sakramentu zawsze \u017cyli w Tobie i w dniu ostatecznym chwalebnie zmartwychwstali. Kt\u00f3ry \u017cyjesz i Kr\u00f3lujesz na wieki wiek\u00f3w. Amen.&nbsp;<\/span><\/strong><\/p>\n","protected":false},"excerpt":{"rendered":"<p>M\u00f3dlmy si\u0119 za naszych m\u0142odych Parafian: Gracjana, Huberta, Alana, Dian\u0119, Maksymiliana, Aleksandra, Marcela, Emila, Dorot\u0119 i Micha\u0142a, przyst\u0119puj\u0105cych w tym roku do Pierwszej Komunii \u015awi\u0119tej.&nbsp; Bo\u017ce, Ty nam da\u0142e\u015b prawdziwy chleb z nieba, spraw aby\u015bmy moc\u0105 duchowego Sakramentu zawsze \u017cyli w Tobie i w dniu ostatecznym chwalebnie zmartwychwstali. Kt\u00f3ry \u017cyjesz i Kr\u00f3lujesz na wieki wiek\u00f3w. &hellip; <a href=\"https:\/\/lukowe.przemyska.pl\/index.php\/2026\/04\/25\/pierwsza-komunia-swieta\/\" class=\"more-link\">Czytaj dalej<span class=\"screen-reader-text\"> \u201ePierwsza Komunia \u015awi\u0119ta\u201d<\/span><\/a><\/p>\n","protected":false},"author":2,"featured_media":3524,"comment_status":"closed","ping_status":"closed","sticky":false,"template":"","format":"standard","meta":{"ngg_post_thumbnail":0,"footnotes":""},"categories":[1],"tags":[],"class_list":["post-3523","post","type-post","status-publish","format-standard","has-post-thumbnail","hentry","category-bez-kategorii"],"_links":{"self":[{"href":"https:\/\/lukowe.przemyska.pl\/index.php\/wp-json\/wp\/v2\/posts\/3523","targetHints":{"allow":["GET"]}}],"collection":[{"href":"https:\/\/lukowe.przemyska.pl\/index.php\/wp-json\/wp\/v2\/posts"}],"about":[{"href":"https:\/\/lukowe.przemyska.pl\/index.php\/wp-json\/wp\/v2\/types\/post"}],"author":[{"embeddable":true,"href":"https:\/\/lukowe.przemyska.pl\/index.php\/wp-json\/wp\/v2\/users\/2"}],"replies":[{"embeddable":true,"href":"https:\/\/lukowe.przemyska.pl\/index.php\/wp-json\/wp\/v2\/comments?post=3523"}],"version-history":[{"count":2,"href":"https:\/\/lukowe.przemyska.pl\/index.php\/wp-json\/wp\/v2\/posts\/3523\/revisions"}],"predecessor-version":[{"id":3526,"href":"https:\/\/lukowe.przemyska.pl\/index.php\/wp-json\/wp\/v2\/posts\/3523\/revisions\/3526"}],"wp:featuredmedia":[{"embeddable":true,"href":"https:\/\/lukowe.przemyska.pl\/index.php\/wp-json\/wp\/v2\/media\/3524"}],"wp:attachment":[{"href":"https:\/\/lukowe.przemyska.pl\/index.php\/wp-json\/wp\/v2\/media?parent=3523"}],"wp:term":[{"taxonomy":"category","embeddable":true,"href":"https:\/\/lukowe.przemyska.pl\/index.php\/wp-json\/wp\/v2\/categories?post=3523"},{"taxonomy":"post_tag","embeddable":true,"href":"https:\/\/lukowe.przemyska.pl\/index.php\/wp-json\/wp\/v2\/tags?post=3523"}],"curies":[{"name":"wp","href":"https:\/\/api.w.org\/{rel}","templated":true}]}}