{"id":3058,"date":"2025-12-24T10:31:50","date_gmt":"2025-12-24T09:31:50","guid":{"rendered":"https:\/\/lukowe.przemyska.pl\/?p=3058"},"modified":"2025-12-25T20:42:25","modified_gmt":"2025-12-25T19:42:25","slug":"boze-narodzenie-2025","status":"publish","type":"post","link":"https:\/\/lukowe.przemyska.pl\/index.php\/2025\/12\/24\/boze-narodzenie-2025\/","title":{"rendered":"Bo\u017ce Narodzenie 2025"},"content":{"rendered":"<p style=\"text-align: center;\"><span style=\"font-size: 14pt; color: #993300;\">\u017bycz\u0119 wszystkim mieszka\u0144com naszej Parafii <\/span><\/p>\n<p style=\"text-align: center;\"><span style=\"font-size: 14pt; color: #993300;\">i przyby\u0142ym Go\u015bciom,<\/span><\/p>\n<p style=\"text-align: center;\"><span style=\"font-size: 14pt; color: #993300;\"> aby Bo\u017ce Dzieci\u0119 Wam b\u0142ogos\u0142awi\u0142o, <\/span><\/p>\n<p style=\"text-align: center;\"><span style=\"font-size: 14pt; color: #993300;\">a \u017cycie wasze szcz\u0119\u015bciem dla innych by\u0142o,<\/span><\/p>\n<p style=\"text-align: center;\"><span style=\"font-size: 14pt; color: #993300;\"> aby \u015bwi\u0119ta Rodzina nad wami czuwa\u0142a<\/span><\/p>\n<p style=\"text-align: center;\"><span style=\"font-size: 14pt; color: #993300;\"> i \u0142askami was obdarza\u0142a:&nbsp;&nbsp;<\/span><\/p>\n<p style=\"text-align: center;\"><span style=\"font-size: 14pt; color: #993300;\">zdrowiem i rado\u015bci\u0105, pokojem i mi\u0142o\u015bci\u0105,<\/span><\/p>\n<p style=\"text-align: center;\"><span style=\"font-size: 14pt; color: #993300;\">aby niczego Wam nie brakowa\u0142o, <\/span><\/p>\n<p style=\"text-align: center;\"><span style=\"font-size: 14pt; color: #993300;\">a serce wasze mi\u0142o\u015bci\u0105 pa\u0142a\u0142o. <\/span><\/p>\n<p style=\"text-align: center;\"><span style=\"font-size: 14pt; color: #993300;\">Niech wam Jezus Malusie\u0144ki, <\/span><\/p>\n<p style=\"text-align: center;\"><span style=\"font-size: 14pt; color: #993300;\">zawsze b\u0142ogos\u0142awi i do nieba zaprowadzi.<\/span><\/p>\n<p>&nbsp;<\/p>\n<p style=\"text-align: center;\">Ks. Mariusz \u015aliwa&nbsp;<\/p>\n","protected":false},"excerpt":{"rendered":"<p>\u017bycz\u0119 wszystkim mieszka\u0144com naszej Parafii i przyby\u0142ym Go\u015bciom, aby Bo\u017ce Dzieci\u0119 Wam b\u0142ogos\u0142awi\u0142o, a \u017cycie wasze szcz\u0119\u015bciem dla innych by\u0142o, aby \u015bwi\u0119ta Rodzina nad wami czuwa\u0142a i \u0142askami was obdarza\u0142a:&nbsp;&nbsp; zdrowiem i rado\u015bci\u0105, pokojem i mi\u0142o\u015bci\u0105, aby niczego Wam nie brakowa\u0142o, a serce wasze mi\u0142o\u015bci\u0105 pa\u0142a\u0142o. Niech wam Jezus Malusie\u0144ki, zawsze b\u0142ogos\u0142awi i do nieba &hellip; <a href=\"https:\/\/lukowe.przemyska.pl\/index.php\/2025\/12\/24\/boze-narodzenie-2025\/\" class=\"more-link\">Czytaj dalej<span class=\"screen-reader-text\"> \u201eBo\u017ce Narodzenie 2025\u201d<\/span><\/a><\/p>\n","protected":false},"author":2,"featured_media":3063,"comment_status":"closed","ping_status":"closed","sticky":false,"template":"","format":"standard","meta":{"ngg_post_thumbnail":0,"footnotes":""},"categories":[1],"tags":[],"class_list":["post-3058","post","type-post","status-publish","format-standard","has-post-thumbnail","hentry","category-bez-kategorii"],"_links":{"self":[{"href":"https:\/\/lukowe.przemyska.pl\/index.php\/wp-json\/wp\/v2\/posts\/3058","targetHints":{"allow":["GET"]}}],"collection":[{"href":"https:\/\/lukowe.przemyska.pl\/index.php\/wp-json\/wp\/v2\/posts"}],"about":[{"href":"https:\/\/lukowe.przemyska.pl\/index.php\/wp-json\/wp\/v2\/types\/post"}],"author":[{"embeddable":true,"href":"https:\/\/lukowe.przemyska.pl\/index.php\/wp-json\/wp\/v2\/users\/2"}],"replies":[{"embeddable":true,"href":"https:\/\/lukowe.przemyska.pl\/index.php\/wp-json\/wp\/v2\/comments?post=3058"}],"version-history":[{"count":5,"href":"https:\/\/lukowe.przemyska.pl\/index.php\/wp-json\/wp\/v2\/posts\/3058\/revisions"}],"predecessor-version":[{"id":3065,"href":"https:\/\/lukowe.przemyska.pl\/index.php\/wp-json\/wp\/v2\/posts\/3058\/revisions\/3065"}],"wp:featuredmedia":[{"embeddable":true,"href":"https:\/\/lukowe.przemyska.pl\/index.php\/wp-json\/wp\/v2\/media\/3063"}],"wp:attachment":[{"href":"https:\/\/lukowe.przemyska.pl\/index.php\/wp-json\/wp\/v2\/media?parent=3058"}],"wp:term":[{"taxonomy":"category","embeddable":true,"href":"https:\/\/lukowe.przemyska.pl\/index.php\/wp-json\/wp\/v2\/categories?post=3058"},{"taxonomy":"post_tag","embeddable":true,"href":"https:\/\/lukowe.przemyska.pl\/index.php\/wp-json\/wp\/v2\/tags?post=3058"}],"curies":[{"name":"wp","href":"https:\/\/api.w.org\/{rel}","templated":true}]}}