{"id":3031,"date":"2025-12-13T11:56:35","date_gmt":"2025-12-13T10:56:35","guid":{"rendered":"https:\/\/lukowe.przemyska.pl\/?p=3031"},"modified":"2025-12-13T11:58:27","modified_gmt":"2025-12-13T10:58:27","slug":"mamy-vicemistrzow","status":"publish","type":"post","link":"https:\/\/lukowe.przemyska.pl\/index.php\/2025\/12\/13\/mamy-vicemistrzow\/","title":{"rendered":"Mamy viceMistrz\u00f3w"},"content":{"rendered":"<p><span class=\"x193iq5w xeuugli x13faqbe x1vvkbs x1xmvt09 x1lliihq x1s928wv xhkezso x1gmr53x x1cpjm7i x1fgarty x1943h6x xudqn12 x3x7a5m x6prxxf xvq8zen xo1l8bm xzsf02u x1yc453h\" dir=\"auto\">Gratulujemy naszym dzielnym Ministrantom uzyskania tytu\u0142u viveMistrza Dekanatu Rzeped\u017a w Turnieju Liturgicznej S\u0142u\u017cby O\u0142tarza w pi\u0142k\u0119 no\u017cn\u0105.&nbsp;<\/span><\/p>\n<div id='gallery-1' class='gallery galleryid-3031 gallery-columns-3 gallery-size-thumbnail'><figure class='gallery-item'>\n\t\t\t<div class='gallery-icon landscape'>\n\t\t\t\t<a href='https:\/\/lukowe.przemyska.pl\/wp-content\/uploads\/2025\/12\/7ayONRtH.jpg'><img loading=\"lazy\" decoding=\"async\" width=\"150\" height=\"150\" src=\"https:\/\/lukowe.przemyska.pl\/wp-content\/uploads\/2025\/12\/7ayONRtH-150x150.jpg\" class=\"attachment-thumbnail size-thumbnail\" alt=\"\" \/><\/a>\n\t\t\t<\/div><\/figure><figure class='gallery-item'>\n\t\t\t<div class='gallery-icon landscape'>\n\t\t\t\t<a href='https:\/\/lukowe.przemyska.pl\/wp-content\/uploads\/2025\/12\/GfrAuI5.jpg'><img loading=\"lazy\" decoding=\"async\" width=\"150\" height=\"150\" src=\"https:\/\/lukowe.przemyska.pl\/wp-content\/uploads\/2025\/12\/GfrAuI5-150x150.jpg\" class=\"attachment-thumbnail size-thumbnail\" alt=\"\" \/><\/a>\n\t\t\t<\/div><\/figure><figure class='gallery-item'>\n\t\t\t<div class='gallery-icon landscape'>\n\t\t\t\t<a href='https:\/\/lukowe.przemyska.pl\/wp-content\/uploads\/2025\/12\/JsWcXrdt.jpg'><img loading=\"lazy\" decoding=\"async\" width=\"150\" height=\"150\" src=\"https:\/\/lukowe.przemyska.pl\/wp-content\/uploads\/2025\/12\/JsWcXrdt-150x150.jpg\" class=\"attachment-thumbnail size-thumbnail\" alt=\"\" \/><\/a>\n\t\t\t<\/div><\/figure><figure class='gallery-item'>\n\t\t\t<div class='gallery-icon landscape'>\n\t\t\t\t<a href='https:\/\/lukowe.przemyska.pl\/wp-content\/uploads\/2025\/12\/Oq4Bsksh.jpg'><img loading=\"lazy\" decoding=\"async\" width=\"150\" height=\"150\" src=\"https:\/\/lukowe.przemyska.pl\/wp-content\/uploads\/2025\/12\/Oq4Bsksh-150x150.jpg\" class=\"attachment-thumbnail size-thumbnail\" alt=\"\" \/><\/a>\n\t\t\t<\/div><\/figure><figure class='gallery-item'>\n\t\t\t<div class='gallery-icon landscape'>\n\t\t\t\t<a href='https:\/\/lukowe.przemyska.pl\/wp-content\/uploads\/2025\/12\/uCHzAqL-.jpg'><img loading=\"lazy\" decoding=\"async\" width=\"150\" height=\"150\" src=\"https:\/\/lukowe.przemyska.pl\/wp-content\/uploads\/2025\/12\/uCHzAqL--150x150.jpg\" class=\"attachment-thumbnail size-thumbnail\" alt=\"\" \/><\/a>\n\t\t\t<\/div><\/figure><figure class='gallery-item'>\n\t\t\t<div class='gallery-icon landscape'>\n\t\t\t\t<a href='https:\/\/lukowe.przemyska.pl\/wp-content\/uploads\/2025\/12\/WbzFA0rd.jpg'><img loading=\"lazy\" decoding=\"async\" width=\"150\" height=\"150\" src=\"https:\/\/lukowe.przemyska.pl\/wp-content\/uploads\/2025\/12\/WbzFA0rd-150x150.jpg\" class=\"attachment-thumbnail size-thumbnail\" alt=\"\" \/><\/a>\n\t\t\t<\/div><\/figure>\n\t\t<\/div>\n\n<p>&nbsp;<\/p>\n","protected":false},"excerpt":{"rendered":"<p>Gratulujemy naszym dzielnym Ministrantom uzyskania tytu\u0142u viveMistrza Dekanatu Rzeped\u017a w Turnieju Liturgicznej S\u0142u\u017cby O\u0142tarza w pi\u0142k\u0119 no\u017cn\u0105.&nbsp; &nbsp;<\/p>\n","protected":false},"author":2,"featured_media":3032,"comment_status":"closed","ping_status":"closed","sticky":false,"template":"","format":"standard","meta":{"ngg_post_thumbnail":0,"footnotes":""},"categories":[1],"tags":[],"class_list":["post-3031","post","type-post","status-publish","format-standard","has-post-thumbnail","hentry","category-bez-kategorii"],"_links":{"self":[{"href":"https:\/\/lukowe.przemyska.pl\/index.php\/wp-json\/wp\/v2\/posts\/3031","targetHints":{"allow":["GET"]}}],"collection":[{"href":"https:\/\/lukowe.przemyska.pl\/index.php\/wp-json\/wp\/v2\/posts"}],"about":[{"href":"https:\/\/lukowe.przemyska.pl\/index.php\/wp-json\/wp\/v2\/types\/post"}],"author":[{"embeddable":true,"href":"https:\/\/lukowe.przemyska.pl\/index.php\/wp-json\/wp\/v2\/users\/2"}],"replies":[{"embeddable":true,"href":"https:\/\/lukowe.przemyska.pl\/index.php\/wp-json\/wp\/v2\/comments?post=3031"}],"version-history":[{"count":3,"href":"https:\/\/lukowe.przemyska.pl\/index.php\/wp-json\/wp\/v2\/posts\/3031\/revisions"}],"predecessor-version":[{"id":3041,"href":"https:\/\/lukowe.przemyska.pl\/index.php\/wp-json\/wp\/v2\/posts\/3031\/revisions\/3041"}],"wp:featuredmedia":[{"embeddable":true,"href":"https:\/\/lukowe.przemyska.pl\/index.php\/wp-json\/wp\/v2\/media\/3032"}],"wp:attachment":[{"href":"https:\/\/lukowe.przemyska.pl\/index.php\/wp-json\/wp\/v2\/media?parent=3031"}],"wp:term":[{"taxonomy":"category","embeddable":true,"href":"https:\/\/lukowe.przemyska.pl\/index.php\/wp-json\/wp\/v2\/categories?post=3031"},{"taxonomy":"post_tag","embeddable":true,"href":"https:\/\/lukowe.przemyska.pl\/index.php\/wp-json\/wp\/v2\/tags?post=3031"}],"curies":[{"name":"wp","href":"https:\/\/api.w.org\/{rel}","templated":true}]}}