{"id":2973,"date":"2025-11-29T13:56:45","date_gmt":"2025-11-29T12:56:45","guid":{"rendered":"https:\/\/lukowe.przemyska.pl\/?p=2973"},"modified":"2025-11-29T14:31:01","modified_gmt":"2025-11-29T13:31:01","slug":"adwent-2025","status":"publish","type":"post","link":"https:\/\/lukowe.przemyska.pl\/index.php\/2025\/11\/29\/adwent-2025\/","title":{"rendered":"Adwent 2025"},"content":{"rendered":"<p style=\"text-align: justify;\">Rozpoczynamy nowy rok liturgiczny i kolejny w naszym \u017cyciu Adwent. Wszystkich, a szczeg\u00f3lnie dzieci, zapraszamy od poniedzia\u0142ku do soboty o 17.00, na <strong>adwentowe Msze \u015bw. roratnie<\/strong> ku czci NMP. B\u0119dziemy z zapalonymi \u015bwiecami czuwa\u0107 i codziennie s\u0142ucha\u0107 S\u0142owa Bo\u017cego. Kto ma przynosi z sob\u0105 lampion, dla wszystkich b\u0119d\u0105 przygotowane \u015bwiece. Dzieci otrzymaj\u0105 1 grudnia plansze, a ka\u017cdego kolejnego dnia naklejki. Ponadto, dzieci codziennie b\u0119d\u0105 sk\u0142ada\u0107 serduszka do z\u0142\u00f3bka przed o\u0142tarzem, a pod koniec Mszy \u015bw. wylosujemy szcz\u0119\u015bciarza, kt\u00f3ry zabierze ze sob\u0105 do swojego domu na noc i na ca\u0142y dzie\u0144 figurk\u0119 Matki Bo\u017cej.<\/p>\n<p><iframe loading=\"lazy\" title=\"Come Lord Jesus, Maranatha (sung in various languages)\" width=\"840\" height=\"473\" src=\"https:\/\/www.youtube.com\/embed\/srCwBJ0-ZY0?feature=oembed\" frameborder=\"0\" allow=\"accelerometer; autoplay; clipboard-write; encrypted-media; gyroscope; picture-in-picture; web-share\" referrerpolicy=\"strict-origin-when-cross-origin\" allowfullscreen><\/iframe><\/p>\n","protected":false},"excerpt":{"rendered":"<p>Rozpoczynamy nowy rok liturgiczny i kolejny w naszym \u017cyciu Adwent. Wszystkich, a szczeg\u00f3lnie dzieci, zapraszamy od poniedzia\u0142ku do soboty o 17.00, na adwentowe Msze \u015bw. roratnie ku czci NMP. B\u0119dziemy z zapalonymi \u015bwiecami czuwa\u0107 i codziennie s\u0142ucha\u0107 S\u0142owa Bo\u017cego. Kto ma przynosi z sob\u0105 lampion, dla wszystkich b\u0119d\u0105 przygotowane \u015bwiece. Dzieci otrzymaj\u0105 1 grudnia plansze, &hellip; <a href=\"https:\/\/lukowe.przemyska.pl\/index.php\/2025\/11\/29\/adwent-2025\/\" class=\"more-link\">Czytaj dalej<span class=\"screen-reader-text\"> \u201eAdwent 2025\u201d<\/span><\/a><\/p>\n","protected":false},"author":2,"featured_media":2977,"comment_status":"closed","ping_status":"closed","sticky":false,"template":"","format":"standard","meta":{"ngg_post_thumbnail":0,"footnotes":""},"categories":[1],"tags":[],"class_list":["post-2973","post","type-post","status-publish","format-standard","has-post-thumbnail","hentry","category-bez-kategorii"],"_links":{"self":[{"href":"https:\/\/lukowe.przemyska.pl\/index.php\/wp-json\/wp\/v2\/posts\/2973","targetHints":{"allow":["GET"]}}],"collection":[{"href":"https:\/\/lukowe.przemyska.pl\/index.php\/wp-json\/wp\/v2\/posts"}],"about":[{"href":"https:\/\/lukowe.przemyska.pl\/index.php\/wp-json\/wp\/v2\/types\/post"}],"author":[{"embeddable":true,"href":"https:\/\/lukowe.przemyska.pl\/index.php\/wp-json\/wp\/v2\/users\/2"}],"replies":[{"embeddable":true,"href":"https:\/\/lukowe.przemyska.pl\/index.php\/wp-json\/wp\/v2\/comments?post=2973"}],"version-history":[{"count":2,"href":"https:\/\/lukowe.przemyska.pl\/index.php\/wp-json\/wp\/v2\/posts\/2973\/revisions"}],"predecessor-version":[{"id":2978,"href":"https:\/\/lukowe.przemyska.pl\/index.php\/wp-json\/wp\/v2\/posts\/2973\/revisions\/2978"}],"wp:featuredmedia":[{"embeddable":true,"href":"https:\/\/lukowe.przemyska.pl\/index.php\/wp-json\/wp\/v2\/media\/2977"}],"wp:attachment":[{"href":"https:\/\/lukowe.przemyska.pl\/index.php\/wp-json\/wp\/v2\/media?parent=2973"}],"wp:term":[{"taxonomy":"category","embeddable":true,"href":"https:\/\/lukowe.przemyska.pl\/index.php\/wp-json\/wp\/v2\/categories?post=2973"},{"taxonomy":"post_tag","embeddable":true,"href":"https:\/\/lukowe.przemyska.pl\/index.php\/wp-json\/wp\/v2\/tags?post=2973"}],"curies":[{"name":"wp","href":"https:\/\/api.w.org\/{rel}","templated":true}]}}