{"id":2867,"date":"2025-11-01T14:06:27","date_gmt":"2025-11-01T13:06:27","guid":{"rendered":"https:\/\/lukowe.przemyska.pl\/?p=2867"},"modified":"2025-11-01T21:33:57","modified_gmt":"2025-11-01T20:33:57","slug":"listopadowa-modlitwa-za-zmarlych","status":"publish","type":"post","link":"https:\/\/lukowe.przemyska.pl\/index.php\/2025\/11\/01\/listopadowa-modlitwa-za-zmarlych\/","title":{"rendered":"Listopadowa modlitwa za zmar\u0142ych"},"content":{"rendered":"<p style=\"text-align: justify;\">W listopadzie modlimy si\u0119 za naszych zmar\u0142ych polecanych w wypominkach. <em>O tych, kt\u00f3rych kochali\u015bmy za \u017cycia, nie zapominajmy po \u015bmierci.<\/em> W \u0141ukowym wypominki codziennie po Mszy \u015bw. o 17.00 wed\u0142ug nast\u0119puj\u0105cego porz\u0105dku:<\/p>\n<p>Numery dom\u00f3w 1 \u2013 40 w <strong>poniedzia\u0142ek<\/strong><\/p>\n<p>Numery dom\u00f3w 41 \u2013 80 we <strong>wtorek<\/strong><\/p>\n<p>Numery dom\u00f3w 81 \u2013 120 w <strong>\u015brod\u0119<\/strong><\/p>\n<p>Blok nr 115 w <strong>czwartek<\/strong><\/p>\n<p>\u015arednie d\u00f3\u0142 do mostu w <strong>pi\u0105tek<\/strong><\/p>\n<p>Numery dom\u00f3w od 121 w g\u00f3r\u0119 w <strong>sobot\u0119.<\/strong><\/p>\n<p>\u015arednie Wielkie i Kalnica w <strong>czwartek<\/strong> o 18.15 i w <strong>niedziel\u0119<\/strong> o 9.30<\/p>\n<p>Wypominki sk\u0142adamy na tac\u0119, prosz\u0119 zaznaczy\u0107 na wypominkach nr domu, albo dat\u0119.<\/p>\n<p style=\"text-align: justify;\"><span style=\"color: #800080;\"><strong>Na stoliku przy wej\u015bciu s\u0105 te\u017c bardzo dobre modlitewniki z kt\u00f3rych b\u0119dziemy si\u0119 modli\u0107 podczas wypomink\u00f3w. Mo\u017cna sobie zabra\u0107 dla siebie, a kiedy\u015b z\u0142o\u017cy\u0107 dowoln\u0105 ofiar\u0119 do skarbonki przy wej\u015bciu.&nbsp;<\/strong><\/span><\/p>\n","protected":false},"excerpt":{"rendered":"<p>W listopadzie modlimy si\u0119 za naszych zmar\u0142ych polecanych w wypominkach. O tych, kt\u00f3rych kochali\u015bmy za \u017cycia, nie zapominajmy po \u015bmierci. W \u0141ukowym wypominki codziennie po Mszy \u015bw. o 17.00 wed\u0142ug nast\u0119puj\u0105cego porz\u0105dku: Numery dom\u00f3w 1 \u2013 40 w poniedzia\u0142ek Numery dom\u00f3w 41 \u2013 80 we wtorek Numery dom\u00f3w 81 \u2013 120 w \u015brod\u0119 Blok nr &hellip; <a href=\"https:\/\/lukowe.przemyska.pl\/index.php\/2025\/11\/01\/listopadowa-modlitwa-za-zmarlych\/\" class=\"more-link\">Czytaj dalej<span class=\"screen-reader-text\"> \u201eListopadowa modlitwa za zmar\u0142ych\u201d<\/span><\/a><\/p>\n","protected":false},"author":2,"featured_media":2868,"comment_status":"closed","ping_status":"closed","sticky":false,"template":"","format":"standard","meta":{"ngg_post_thumbnail":0,"footnotes":""},"categories":[1],"tags":[],"class_list":["post-2867","post","type-post","status-publish","format-standard","has-post-thumbnail","hentry","category-bez-kategorii"],"_links":{"self":[{"href":"https:\/\/lukowe.przemyska.pl\/index.php\/wp-json\/wp\/v2\/posts\/2867","targetHints":{"allow":["GET"]}}],"collection":[{"href":"https:\/\/lukowe.przemyska.pl\/index.php\/wp-json\/wp\/v2\/posts"}],"about":[{"href":"https:\/\/lukowe.przemyska.pl\/index.php\/wp-json\/wp\/v2\/types\/post"}],"author":[{"embeddable":true,"href":"https:\/\/lukowe.przemyska.pl\/index.php\/wp-json\/wp\/v2\/users\/2"}],"replies":[{"embeddable":true,"href":"https:\/\/lukowe.przemyska.pl\/index.php\/wp-json\/wp\/v2\/comments?post=2867"}],"version-history":[{"count":7,"href":"https:\/\/lukowe.przemyska.pl\/index.php\/wp-json\/wp\/v2\/posts\/2867\/revisions"}],"predecessor-version":[{"id":2877,"href":"https:\/\/lukowe.przemyska.pl\/index.php\/wp-json\/wp\/v2\/posts\/2867\/revisions\/2877"}],"wp:featuredmedia":[{"embeddable":true,"href":"https:\/\/lukowe.przemyska.pl\/index.php\/wp-json\/wp\/v2\/media\/2868"}],"wp:attachment":[{"href":"https:\/\/lukowe.przemyska.pl\/index.php\/wp-json\/wp\/v2\/media?parent=2867"}],"wp:term":[{"taxonomy":"category","embeddable":true,"href":"https:\/\/lukowe.przemyska.pl\/index.php\/wp-json\/wp\/v2\/categories?post=2867"},{"taxonomy":"post_tag","embeddable":true,"href":"https:\/\/lukowe.przemyska.pl\/index.php\/wp-json\/wp\/v2\/tags?post=2867"}],"curies":[{"name":"wp","href":"https:\/\/api.w.org\/{rel}","templated":true}]}}