{"id":2841,"date":"2025-10-25T12:19:44","date_gmt":"2025-10-25T10:19:44","guid":{"rendered":"https:\/\/lukowe.przemyska.pl\/?p=2841"},"modified":"2025-10-25T12:26:07","modified_gmt":"2025-10-25T10:26:07","slug":"uroczystosc-wszystkich-swietych","status":"publish","type":"post","link":"https:\/\/lukowe.przemyska.pl\/index.php\/2025\/10\/25\/uroczystosc-wszystkich-swietych\/","title":{"rendered":"Uroczysto\u015b\u0107 Wszystkich \u015awi\u0119tych oraz Dzie\u0144 Zaduszny"},"content":{"rendered":"<p><span style=\"text-decoration: underline;\"><span style=\"font-size: 14pt;\"><strong><span style=\"color: #ff6600; text-decoration: underline;\">1 listopada Uroczysto\u015b\u0107 Wszystkich \u015awi\u0119tych&nbsp;<\/span><\/strong><\/span><\/span><\/p>\n<p><span style=\"font-size: 14pt;\"><strong>Msze \u015bwi\u0119te<\/strong><\/span><\/p>\n<p><span style=\"font-size: 14pt;\">7.30<\/span><\/p>\n<p><span style=\"font-size: 14pt;\">9.30 \u015arednie Wielkie<\/span><\/p>\n<p><span style=\"font-size: 14pt;\">11.00 z procesj\u0105 na cmentarz<\/span><\/p>\n<p><span style=\"text-decoration: underline;\"><span style=\"font-size: 14pt;\"><strong><span style=\"color: #800080; text-decoration: underline;\">2 listopada Dzie\u0144 Zaduszny&nbsp;<\/span><\/strong><\/span><\/span><\/p>\n<p><span style=\"font-size: 14pt;\"><strong>Msze \u015bwi\u0119te<\/strong><\/span><\/p>\n<p><span style=\"font-size: 14pt;\">7.30 z modlitw\u0105 w ko\u015bciele za zmar\u0142ych<\/span><\/p>\n<p><span style=\"font-size: 14pt;\">9.30 \u015arednie Wielkie z modlitw\u0105 w ko\u015bciele za zmar\u0142ych<\/span><\/p>\n<p><span style=\"font-size: 14pt;\">11.00 z modlitw\u0105 w ko\u015bciele za zmar\u0142ych<\/span><\/p>\n","protected":false},"excerpt":{"rendered":"<p>1 listopada Uroczysto\u015b\u0107 Wszystkich \u015awi\u0119tych&nbsp; Msze \u015bwi\u0119te 7.30 9.30 \u015arednie Wielkie 11.00 z procesj\u0105 na cmentarz 2 listopada Dzie\u0144 Zaduszny&nbsp; Msze \u015bwi\u0119te 7.30 z modlitw\u0105 w ko\u015bciele za zmar\u0142ych 9.30 \u015arednie Wielkie z modlitw\u0105 w ko\u015bciele za zmar\u0142ych 11.00 z modlitw\u0105 w ko\u015bciele za zmar\u0142ych<\/p>\n","protected":false},"author":2,"featured_media":2842,"comment_status":"closed","ping_status":"closed","sticky":false,"template":"","format":"standard","meta":{"ngg_post_thumbnail":0,"footnotes":""},"categories":[1],"tags":[],"class_list":["post-2841","post","type-post","status-publish","format-standard","has-post-thumbnail","hentry","category-bez-kategorii"],"_links":{"self":[{"href":"https:\/\/lukowe.przemyska.pl\/index.php\/wp-json\/wp\/v2\/posts\/2841","targetHints":{"allow":["GET"]}}],"collection":[{"href":"https:\/\/lukowe.przemyska.pl\/index.php\/wp-json\/wp\/v2\/posts"}],"about":[{"href":"https:\/\/lukowe.przemyska.pl\/index.php\/wp-json\/wp\/v2\/types\/post"}],"author":[{"embeddable":true,"href":"https:\/\/lukowe.przemyska.pl\/index.php\/wp-json\/wp\/v2\/users\/2"}],"replies":[{"embeddable":true,"href":"https:\/\/lukowe.przemyska.pl\/index.php\/wp-json\/wp\/v2\/comments?post=2841"}],"version-history":[{"count":10,"href":"https:\/\/lukowe.przemyska.pl\/index.php\/wp-json\/wp\/v2\/posts\/2841\/revisions"}],"predecessor-version":[{"id":2852,"href":"https:\/\/lukowe.przemyska.pl\/index.php\/wp-json\/wp\/v2\/posts\/2841\/revisions\/2852"}],"wp:featuredmedia":[{"embeddable":true,"href":"https:\/\/lukowe.przemyska.pl\/index.php\/wp-json\/wp\/v2\/media\/2842"}],"wp:attachment":[{"href":"https:\/\/lukowe.przemyska.pl\/index.php\/wp-json\/wp\/v2\/media?parent=2841"}],"wp:term":[{"taxonomy":"category","embeddable":true,"href":"https:\/\/lukowe.przemyska.pl\/index.php\/wp-json\/wp\/v2\/categories?post=2841"},{"taxonomy":"post_tag","embeddable":true,"href":"https:\/\/lukowe.przemyska.pl\/index.php\/wp-json\/wp\/v2\/tags?post=2841"}],"curies":[{"name":"wp","href":"https:\/\/api.w.org\/{rel}","templated":true}]}}