{"id":2834,"date":"2025-10-24T13:12:29","date_gmt":"2025-10-24T11:12:29","guid":{"rendered":"https:\/\/lukowe.przemyska.pl\/?p=2834"},"modified":"2025-10-24T13:13:54","modified_gmt":"2025-10-24T11:13:54","slug":"2834","status":"publish","type":"post","link":"https:\/\/lukowe.przemyska.pl\/index.php\/2025\/10\/24\/2834\/","title":{"rendered":"Pielgrzymka do Cz\u0119stochowy i Krakowa"},"content":{"rendered":"<p style=\"text-align: center;\"><span style=\"color: #0000ff;\">Wyjazd na Pielgrzymk\u0119 do Cz\u0119stochowy i Krakowa o p\u00f3\u0142nocy (godz. 0:00) <\/span><br \/>\n<span style=\"color: #0000ff;\">z pi\u0105tku na sobot\u0119 z parkingu przy ko\u015bciele w \u0141ukowem.<\/span><\/p>\n<p>&nbsp;<\/p>\n","protected":false},"excerpt":{"rendered":"<p>Wyjazd na Pielgrzymk\u0119 do Cz\u0119stochowy i Krakowa o p\u00f3\u0142nocy (godz. 0:00) z pi\u0105tku na sobot\u0119 z parkingu przy ko\u015bciele w \u0141ukowem. &nbsp;<\/p>\n","protected":false},"author":2,"featured_media":2835,"comment_status":"closed","ping_status":"closed","sticky":false,"template":"","format":"standard","meta":{"ngg_post_thumbnail":0,"footnotes":""},"categories":[1],"tags":[],"class_list":["post-2834","post","type-post","status-publish","format-standard","has-post-thumbnail","hentry","category-bez-kategorii"],"_links":{"self":[{"href":"https:\/\/lukowe.przemyska.pl\/index.php\/wp-json\/wp\/v2\/posts\/2834","targetHints":{"allow":["GET"]}}],"collection":[{"href":"https:\/\/lukowe.przemyska.pl\/index.php\/wp-json\/wp\/v2\/posts"}],"about":[{"href":"https:\/\/lukowe.przemyska.pl\/index.php\/wp-json\/wp\/v2\/types\/post"}],"author":[{"embeddable":true,"href":"https:\/\/lukowe.przemyska.pl\/index.php\/wp-json\/wp\/v2\/users\/2"}],"replies":[{"embeddable":true,"href":"https:\/\/lukowe.przemyska.pl\/index.php\/wp-json\/wp\/v2\/comments?post=2834"}],"version-history":[{"count":3,"href":"https:\/\/lukowe.przemyska.pl\/index.php\/wp-json\/wp\/v2\/posts\/2834\/revisions"}],"predecessor-version":[{"id":2838,"href":"https:\/\/lukowe.przemyska.pl\/index.php\/wp-json\/wp\/v2\/posts\/2834\/revisions\/2838"}],"wp:featuredmedia":[{"embeddable":true,"href":"https:\/\/lukowe.przemyska.pl\/index.php\/wp-json\/wp\/v2\/media\/2835"}],"wp:attachment":[{"href":"https:\/\/lukowe.przemyska.pl\/index.php\/wp-json\/wp\/v2\/media?parent=2834"}],"wp:term":[{"taxonomy":"category","embeddable":true,"href":"https:\/\/lukowe.przemyska.pl\/index.php\/wp-json\/wp\/v2\/categories?post=2834"},{"taxonomy":"post_tag","embeddable":true,"href":"https:\/\/lukowe.przemyska.pl\/index.php\/wp-json\/wp\/v2\/tags?post=2834"}],"curies":[{"name":"wp","href":"https:\/\/api.w.org\/{rel}","templated":true}]}}