{"id":2771,"date":"2025-10-12T20:29:28","date_gmt":"2025-10-12T18:29:28","guid":{"rendered":"https:\/\/lukowe.przemyska.pl\/?p=2771"},"modified":"2025-10-12T20:32:19","modified_gmt":"2025-10-12T18:32:19","slug":"dzien-papieski-2025","status":"publish","type":"post","link":"https:\/\/lukowe.przemyska.pl\/index.php\/2025\/10\/12\/dzien-papieski-2025\/","title":{"rendered":"Dzie\u0144 Papieski 2025"},"content":{"rendered":"<p style=\"text-align: justify;\">Uczcili\u015bmy dzisiaj w naszej Parafii osob\u0119 \u015bw. Jana Paw\u0142a II. Wielu z nas mia\u0142o okazj\u0119 zobaczy\u0107 Jana Paw\u0142a II na w\u0142asne oczy, czy to w czasie jego pielgrzymek do Ojczyzny, gdy by\u0142 w Kro\u015bnie, Rzeszowie, czy Przemy\u015blu. Mo\u017ce niekt\u00f3rzy mieli mo\u017cliwo\u015b\u0107 zobaczy\u0107, czy spotka\u0107 si\u0119 z Janem Paw\u0142em II w Rzymie, czy w innym miejscu. Wszyscy, i starsi i m\u0142odsi dzi\u015b wyra\u017cali\u015bmy nasz\u0105 wdzi\u0119czo\u015b\u0107, za dar osoby i pontyfikatu \u015bw. Jana Paw\u0142a II oddaj\u0105c tak\u017ce cze\u015b\u0107 relikwiom \u015bw. Papie\u017ca.<\/p>\n<p>\u015awi\u0119ty Janie Pawle II &#8211; m\u00f3dl si\u0119 za nami.&nbsp;<\/p>\n<p style=\"text-align: justify;\">Dzi\u0119kujemy te\u017c Paniom artystkom, za przygotowania dekoracji na dzisiejszy Dzie\u0144 Papieski.&nbsp;<\/p>\n","protected":false},"excerpt":{"rendered":"<p>Uczcili\u015bmy dzisiaj w naszej Parafii osob\u0119 \u015bw. Jana Paw\u0142a II. Wielu z nas mia\u0142o okazj\u0119 zobaczy\u0107 Jana Paw\u0142a II na w\u0142asne oczy, czy to w czasie jego pielgrzymek do Ojczyzny, gdy by\u0142 w Kro\u015bnie, Rzeszowie, czy Przemy\u015blu. Mo\u017ce niekt\u00f3rzy mieli mo\u017cliwo\u015b\u0107 zobaczy\u0107, czy spotka\u0107 si\u0119 z Janem Paw\u0142em II w Rzymie, czy w innym miejscu. &hellip; <a href=\"https:\/\/lukowe.przemyska.pl\/index.php\/2025\/10\/12\/dzien-papieski-2025\/\" class=\"more-link\">Czytaj dalej<span class=\"screen-reader-text\"> \u201eDzie\u0144 Papieski 2025\u201d<\/span><\/a><\/p>\n","protected":false},"author":2,"featured_media":2772,"comment_status":"closed","ping_status":"closed","sticky":false,"template":"","format":"standard","meta":{"ngg_post_thumbnail":0,"footnotes":""},"categories":[1],"tags":[],"class_list":["post-2771","post","type-post","status-publish","format-standard","has-post-thumbnail","hentry","category-bez-kategorii"],"_links":{"self":[{"href":"https:\/\/lukowe.przemyska.pl\/index.php\/wp-json\/wp\/v2\/posts\/2771","targetHints":{"allow":["GET"]}}],"collection":[{"href":"https:\/\/lukowe.przemyska.pl\/index.php\/wp-json\/wp\/v2\/posts"}],"about":[{"href":"https:\/\/lukowe.przemyska.pl\/index.php\/wp-json\/wp\/v2\/types\/post"}],"author":[{"embeddable":true,"href":"https:\/\/lukowe.przemyska.pl\/index.php\/wp-json\/wp\/v2\/users\/2"}],"replies":[{"embeddable":true,"href":"https:\/\/lukowe.przemyska.pl\/index.php\/wp-json\/wp\/v2\/comments?post=2771"}],"version-history":[{"count":4,"href":"https:\/\/lukowe.przemyska.pl\/index.php\/wp-json\/wp\/v2\/posts\/2771\/revisions"}],"predecessor-version":[{"id":2777,"href":"https:\/\/lukowe.przemyska.pl\/index.php\/wp-json\/wp\/v2\/posts\/2771\/revisions\/2777"}],"wp:featuredmedia":[{"embeddable":true,"href":"https:\/\/lukowe.przemyska.pl\/index.php\/wp-json\/wp\/v2\/media\/2772"}],"wp:attachment":[{"href":"https:\/\/lukowe.przemyska.pl\/index.php\/wp-json\/wp\/v2\/media?parent=2771"}],"wp:term":[{"taxonomy":"category","embeddable":true,"href":"https:\/\/lukowe.przemyska.pl\/index.php\/wp-json\/wp\/v2\/categories?post=2771"},{"taxonomy":"post_tag","embeddable":true,"href":"https:\/\/lukowe.przemyska.pl\/index.php\/wp-json\/wp\/v2\/tags?post=2771"}],"curies":[{"name":"wp","href":"https:\/\/api.w.org\/{rel}","templated":true}]}}