{"id":2742,"date":"2025-09-29T22:14:27","date_gmt":"2025-09-29T20:14:27","guid":{"rendered":"https:\/\/lukowe.przemyska.pl\/?p=2742"},"modified":"2025-10-03T15:01:21","modified_gmt":"2025-10-03T13:01:21","slug":"nabozenstwa-rozancowe","status":"publish","type":"post","link":"https:\/\/lukowe.przemyska.pl\/index.php\/2025\/09\/29\/nabozenstwa-rozancowe\/","title":{"rendered":"Nabo\u017ce\u0144stwa r\u00f3\u017ca\u0144cowe"},"content":{"rendered":"<p style=\"text-align: center;\">Zapraszamy na nabo\u017ce\u0144stwa r\u00f3\u017cancowe w pa\u017adzierniku.&nbsp;<\/p>\n<p style=\"text-align: center;\">W tygodniu Msza \u015bw. o 17.00, a po niej nabo\u017ce\u0144stwo r\u00f3\u017ca\u0144cowe.&nbsp;<\/p>\n<p style=\"text-align: center;\">Zer\u00f3wka i kl. I w poniedzia\u0142ki;<\/p>\n<p style=\"text-align: center;\">kl. II i kl. III we wtorki;<\/p>\n<p style=\"text-align: center;\">kl. IV i V w \u015brody;<\/p>\n<p style=\"text-align: center;\">klasa VI i VII w czwartki;<\/p>\n<p style=\"text-align: center;\">kl. VIII w pi\u0105tki,<\/p>\n<p style=\"text-align: center;\">a w sobot\u0119 i w niedziel\u0119 szczeg\u00f3lnie tych, kt\u00f3rzy z powodu pracy,<br \/>\nczy innych obowi\u0105zk\u00f3w nie mog\u0105 przyj\u015b\u0107 na r\u00f3\u017caniec w tygodniu.<\/p>\n<p style=\"text-align: center;\">W niedziel\u0119 5 pa\u017adziernika r\u00f3\u017caniec o 7.00<br \/>\n(z racji zmiany tajemnic R\u00f3\u017c r\u00f3\u017ca\u0144cowych)<\/p>\n<p style=\"text-align: center;\">w kolejne niedziele pa\u017adziernika R\u00f3\u017ce r\u00f3\u017ca\u0144cowe<br \/>\nprowadz\u0105 r\u00f3\u017caniec o 10.30.&nbsp;<\/p>\n<p style=\"text-align: center;\"><span style=\"color: #0000ff;\">W niedziel\u0119 5 pa\u017adziernika na stoliku przy wyj\u015bciu z ko\u015bcio\u0142a<br \/>\nb\u0119dzie wy\u0142o\u017cona du\u017ca ilo\u015b\u0107 drewnianych r\u00f3\u017ca\u0144c\u00f3w;<br \/>\nmo\u017cna zabra\u0107 dla siebie, albo dla kogo\u015b,<br \/>\na dobrowoln\u0105 ofiar\u0119 mo\u017cna kiedy\u015b z\u0142o\u017cy\u0107&nbsp;<br \/>\ndo skarbonki przy wyj\u015bciu.&nbsp;<\/span><\/p>\n<p style=\"text-align: center;\">Ave Maria&#8230;&nbsp;<\/p>\n","protected":false},"excerpt":{"rendered":"<p>Zapraszamy na nabo\u017ce\u0144stwa r\u00f3\u017cancowe w pa\u017adzierniku.&nbsp; W tygodniu Msza \u015bw. o 17.00, a po niej nabo\u017ce\u0144stwo r\u00f3\u017ca\u0144cowe.&nbsp; Zer\u00f3wka i kl. I w poniedzia\u0142ki; kl. II i kl. III we wtorki; kl. IV i V w \u015brody; klasa VI i VII w czwartki; kl. VIII w pi\u0105tki, a w sobot\u0119 i w niedziel\u0119 szczeg\u00f3lnie tych, kt\u00f3rzy &hellip; <a href=\"https:\/\/lukowe.przemyska.pl\/index.php\/2025\/09\/29\/nabozenstwa-rozancowe\/\" class=\"more-link\">Czytaj dalej<span class=\"screen-reader-text\"> \u201eNabo\u017ce\u0144stwa r\u00f3\u017ca\u0144cowe\u201d<\/span><\/a><\/p>\n","protected":false},"author":2,"featured_media":2759,"comment_status":"closed","ping_status":"closed","sticky":false,"template":"","format":"standard","meta":{"ngg_post_thumbnail":0,"footnotes":""},"categories":[1],"tags":[],"class_list":["post-2742","post","type-post","status-publish","format-standard","has-post-thumbnail","hentry","category-bez-kategorii"],"_links":{"self":[{"href":"https:\/\/lukowe.przemyska.pl\/index.php\/wp-json\/wp\/v2\/posts\/2742","targetHints":{"allow":["GET"]}}],"collection":[{"href":"https:\/\/lukowe.przemyska.pl\/index.php\/wp-json\/wp\/v2\/posts"}],"about":[{"href":"https:\/\/lukowe.przemyska.pl\/index.php\/wp-json\/wp\/v2\/types\/post"}],"author":[{"embeddable":true,"href":"https:\/\/lukowe.przemyska.pl\/index.php\/wp-json\/wp\/v2\/users\/2"}],"replies":[{"embeddable":true,"href":"https:\/\/lukowe.przemyska.pl\/index.php\/wp-json\/wp\/v2\/comments?post=2742"}],"version-history":[{"count":6,"href":"https:\/\/lukowe.przemyska.pl\/index.php\/wp-json\/wp\/v2\/posts\/2742\/revisions"}],"predecessor-version":[{"id":2758,"href":"https:\/\/lukowe.przemyska.pl\/index.php\/wp-json\/wp\/v2\/posts\/2742\/revisions\/2758"}],"wp:featuredmedia":[{"embeddable":true,"href":"https:\/\/lukowe.przemyska.pl\/index.php\/wp-json\/wp\/v2\/media\/2759"}],"wp:attachment":[{"href":"https:\/\/lukowe.przemyska.pl\/index.php\/wp-json\/wp\/v2\/media?parent=2742"}],"wp:term":[{"taxonomy":"category","embeddable":true,"href":"https:\/\/lukowe.przemyska.pl\/index.php\/wp-json\/wp\/v2\/categories?post=2742"},{"taxonomy":"post_tag","embeddable":true,"href":"https:\/\/lukowe.przemyska.pl\/index.php\/wp-json\/wp\/v2\/tags?post=2742"}],"curies":[{"name":"wp","href":"https:\/\/api.w.org\/{rel}","templated":true}]}}