{"id":2694,"date":"2025-09-06T22:53:55","date_gmt":"2025-09-06T20:53:55","guid":{"rendered":"https:\/\/lukowe.przemyska.pl\/?p=2694"},"modified":"2025-09-13T21:17:27","modified_gmt":"2025-09-13T19:17:27","slug":"pielgrzymka-do-czestochowy-i-krakowa","status":"publish","type":"post","link":"https:\/\/lukowe.przemyska.pl\/index.php\/2025\/09\/06\/pielgrzymka-do-czestochowy-i-krakowa\/","title":{"rendered":"Pielgrzymka do Cz\u0119stochowy i Krakowa"},"content":{"rendered":"<p><img loading=\"lazy\" decoding=\"async\" class=\"aligncenter wp-image-2703 size-large\" src=\"https:\/\/lukowe.przemyska.pl\/wp-content\/uploads\/2025\/09\/mb-e1757192997179-1024x662.jpg\" alt=\"\" width=\"840\" height=\"543\" srcset=\"https:\/\/lukowe.przemyska.pl\/wp-content\/uploads\/2025\/09\/mb-e1757192997179-1024x662.jpg 1024w, https:\/\/lukowe.przemyska.pl\/wp-content\/uploads\/2025\/09\/mb-e1757192997179-300x194.jpg 300w, https:\/\/lukowe.przemyska.pl\/wp-content\/uploads\/2025\/09\/mb-e1757192997179-768x496.jpg 768w, https:\/\/lukowe.przemyska.pl\/wp-content\/uploads\/2025\/09\/mb-e1757192997179.jpg 1188w\" sizes=\"auto, (max-width: 709px) 85vw, (max-width: 909px) 67vw, (max-width: 1362px) 62vw, 840px\" \/><\/p>\n<p><img loading=\"lazy\" decoding=\"async\" class=\"aligncenter wp-image-2704 size-full\" src=\"https:\/\/lukowe.przemyska.pl\/wp-content\/uploads\/2025\/09\/l.jpg\" alt=\"\" width=\"1024\" height=\"603\" srcset=\"https:\/\/lukowe.przemyska.pl\/wp-content\/uploads\/2025\/09\/l.jpg 1024w, https:\/\/lukowe.przemyska.pl\/wp-content\/uploads\/2025\/09\/l-300x177.jpg 300w, https:\/\/lukowe.przemyska.pl\/wp-content\/uploads\/2025\/09\/l-768x452.jpg 768w\" sizes=\"auto, (max-width: 709px) 85vw, (max-width: 909px) 67vw, (max-width: 1362px) 62vw, 840px\" \/><\/p>\n<p style=\"text-align: center;\"><span style=\"color: #008000;\"><strong>Parafia Rzymskokatolicka pw. \u015bw Wojciecha w Tarnawie&nbsp;<\/strong><\/span><\/p>\n<p style=\"text-align: center;\"><span style=\"color: #008000;\"><strong>i Parafia Rzymskokatolicka pw. NMP Kr\u00f3lowej Polski w \u0141ukowem&nbsp;<\/strong><\/span><\/p>\n<p style=\"text-align: center;\"><em>zapraszaj\u0105 <\/em><\/p>\n<p style=\"text-align: center;\"><strong>na Pielgrzymk\u0119 na Jasn\u0105 G\u00f3r\u0119 i do Krakowa \u2013 \u0141agiewnik<\/strong><\/p>\n<p style=\"text-align: center;\"><u>Termin: 24 \u2013 25 pa\u017adziernika 2025r.&nbsp; <\/u><\/p>\n<p><strong>Program:<\/strong><br \/>\n<u>24 pa\u017adziernika \u2013 pi\u0105tek<\/u><br \/>\ngodz. 22.45 \u2013 wyjazd z parkingu przy ko\u015bciele w \u0141ukowem i przejazd do Tarnawy G\u00f3rnej i Dolnej, a nast\u0119pnie do Cz\u0119stochowy<\/p>\n<p><u>25 pa\u017adziernika \u2013 sobota<\/u><br \/>\ngodz. 6.00 \u2013 Msza \u015bwi\u0119ta na Jasnej G\u00f3rze<br \/>\ngodz. 7.00 \u2013 Droga Krzy\u017cowa na Wa\u0142ach Jasnog\u00f3rskich i modlitwa indywidualna<br \/>\ngodz. 8.30 \u2013 wyjazd do Krakowa<br \/>\ngodz. 11. 30 \u2013 zwiedzanie Centrum \u015bw. Jana Paw\u0142a II<br \/>\ngodz. 13.30 \u2013 obiad<br \/>\ngodz. 14.20 \u2013 modlitwa w Sanktuarium Mi\u0142osierdzia Bo\u017cego w Krakowie \u2013 \u0141agiewnikach, mabo\u017ce\u0144stwo Koronka do Bo\u017cego Mi\u0142osierdzia<br \/>\ngodz. 16.00 \u2013 powr\u00f3t do domu<\/p>\n<p>Cena:<strong> 200 z\u0142<\/strong>\/osoba (zawiera przejazd autobusem klasy lux, op\u0142aty drogowe<br \/>\ni parkingowe, bilet wst\u0119pu do Centrum \u015bw. Jana Paw\u0142a II i obs\u0142ug\u0119 przewodnika, obiad, ubezpieczenie NNW)<br \/>\nZaliczka 50 z\u0142 przy zapisie wraz z podanem peselu, pozosta\u0142a kwota do<br \/>\n19 pa\u017adziernika.&nbsp;<\/p>\n<p style=\"text-align: center;\"><del><span style=\"color: #339966;\"><strong>Listy do zapisywania si\u0119 s\u0105 dost\u0119pne w zakrystii.&nbsp;<\/strong><\/span><\/del><\/p>\n<p style=\"text-align: center;\"><span style=\"color: #ff0000;\"><strong>Ju\u017c mamy ca\u0142y autobus ch\u0119tnych&nbsp;<\/strong><\/span><\/p>\n<p>&nbsp;<\/p>\n","protected":false},"excerpt":{"rendered":"<p>Parafia Rzymskokatolicka pw. \u015bw Wojciecha w Tarnawie&nbsp; i Parafia Rzymskokatolicka pw. NMP Kr\u00f3lowej Polski w \u0141ukowem&nbsp; zapraszaj\u0105 na Pielgrzymk\u0119 na Jasn\u0105 G\u00f3r\u0119 i do Krakowa \u2013 \u0141agiewnik Termin: 24 \u2013 25 pa\u017adziernika 2025r.&nbsp; Program: 24 pa\u017adziernika \u2013 pi\u0105tek godz. 22.45 \u2013 wyjazd z parkingu przy ko\u015bciele w \u0141ukowem i przejazd do Tarnawy G\u00f3rnej i Dolnej, &hellip; <a href=\"https:\/\/lukowe.przemyska.pl\/index.php\/2025\/09\/06\/pielgrzymka-do-czestochowy-i-krakowa\/\" class=\"more-link\">Czytaj dalej<span class=\"screen-reader-text\"> \u201ePielgrzymka do Cz\u0119stochowy i Krakowa\u201d<\/span><\/a><\/p>\n","protected":false},"author":2,"featured_media":0,"comment_status":"closed","ping_status":"closed","sticky":false,"template":"","format":"standard","meta":{"ngg_post_thumbnail":0,"footnotes":""},"categories":[1],"tags":[],"class_list":["post-2694","post","type-post","status-publish","format-standard","hentry","category-bez-kategorii"],"_links":{"self":[{"href":"https:\/\/lukowe.przemyska.pl\/index.php\/wp-json\/wp\/v2\/posts\/2694","targetHints":{"allow":["GET"]}}],"collection":[{"href":"https:\/\/lukowe.przemyska.pl\/index.php\/wp-json\/wp\/v2\/posts"}],"about":[{"href":"https:\/\/lukowe.przemyska.pl\/index.php\/wp-json\/wp\/v2\/types\/post"}],"author":[{"embeddable":true,"href":"https:\/\/lukowe.przemyska.pl\/index.php\/wp-json\/wp\/v2\/users\/2"}],"replies":[{"embeddable":true,"href":"https:\/\/lukowe.przemyska.pl\/index.php\/wp-json\/wp\/v2\/comments?post=2694"}],"version-history":[{"count":9,"href":"https:\/\/lukowe.przemyska.pl\/index.php\/wp-json\/wp\/v2\/posts\/2694\/revisions"}],"predecessor-version":[{"id":2717,"href":"https:\/\/lukowe.przemyska.pl\/index.php\/wp-json\/wp\/v2\/posts\/2694\/revisions\/2717"}],"wp:attachment":[{"href":"https:\/\/lukowe.przemyska.pl\/index.php\/wp-json\/wp\/v2\/media?parent=2694"}],"wp:term":[{"taxonomy":"category","embeddable":true,"href":"https:\/\/lukowe.przemyska.pl\/index.php\/wp-json\/wp\/v2\/categories?post=2694"},{"taxonomy":"post_tag","embeddable":true,"href":"https:\/\/lukowe.przemyska.pl\/index.php\/wp-json\/wp\/v2\/tags?post=2694"}],"curies":[{"name":"wp","href":"https:\/\/api.w.org\/{rel}","templated":true}]}}