{"id":2687,"date":"2025-09-03T21:52:39","date_gmt":"2025-09-03T19:52:39","guid":{"rendered":"https:\/\/lukowe.przemyska.pl\/?p=2687"},"modified":"2025-09-03T21:54:39","modified_gmt":"2025-09-03T19:54:39","slug":"rozpoczecie-nowego-roku-szkolnego","status":"publish","type":"post","link":"https:\/\/lukowe.przemyska.pl\/index.php\/2025\/09\/03\/rozpoczecie-nowego-roku-szkolnego\/","title":{"rendered":"Rozpocz\u0119cie Nowego Roku Szkolnego"},"content":{"rendered":"<div class=\"html-div xdj266r x14z9mp xat24cr x1lziwak xexx8yu xyri2b x18d9i69 x1c1uobl\" dir=\"auto\">\n<div class=\"html-div xdj266r x14z9mp xat24cr x1lziwak xexx8yu xyri2b x18d9i69 x1c1uobl\" dir=\"auto\">\n<div class=\"html-div xdj266r x14z9mp xat24cr x1lziwak xexx8yu xyri2b x18d9i69 x1c1uobl\" data-ad-rendering-role=\"story_message\">\n<div class=\"x1l90r2v x1iorvi4 x1g0dm76 xpdmqnj\" data-ad-comet-preview=\"message\" data-ad-preview=\"message\">\n<div class=\"x78zum5 xdt5ytf xz62fqu x16ldp7u\">\n<div class=\"xu06os2 x1ok221b\">\n<div class=\"html-div xdj266r x14z9mp xat24cr x1lziwak xexx8yu xyri2b x18d9i69 x1c1uobl\">\n<div class=\"xdj266r x14z9mp xat24cr x1lziwak x1vvkbs x126k92a\">\n<div dir=\"auto\" style=\"text-align: justify;\">1 wrze\u015bnia ca\u0142a spo\u0142eczno\u015b\u0107 naszej szko\u0142y spotka\u0142a si\u0119, by wsp\u00f3lnie rozpocz\u0105\u0107 kolejny rok nauki, pe\u0142en wyzwa\u0144, nowych do\u015bwiadcze\u0144 i ciekawych przyg\u00f3d.<\/div>\n<div dir=\"auto\" style=\"text-align: justify;\">Uroczysto\u015b\u0107 rozpocz\u0119\u0142a si\u0119 Msz\u0105 \u015awi\u0119t\u0105 w ko\u015bciele parafialnym pw. NMP Kr\u00f3lowej Polski, kt\u00f3rej przewodniczy\u0142 Ks. Mariusz \u015aliwa.<\/div>\n<div dir=\"auto\" style=\"text-align: justify;\">Nast\u0119pnie udali\u015bmy si\u0119 do szko\u0142y, gdzie pod obeliskiem upami\u0119tniaj\u0105cym bohater\u00f3w walcz\u0105cych o wolno\u015b\u0107 Polski delegacja uczni\u00f3w, Julia Kusiak, Lena Wojewoda i Miko\u0142aj Tokarz, z\u0142o\u017cyli kwiaty i zapalili znicze. Chwila ciszy, kwiaty, znicze sta\u0142y si\u0119 wyrazem naszej pami\u0119ci i szacunku dla tych, kt\u00f3rzy oddali \u017cycie za Ojczyzn\u0119 w czasie II wojny \u015bwiatowej.<\/div>\n<div dir=\"auto\" style=\"text-align: justify;\">W dalszej cz\u0119\u015bci uroczysto\u015bci, na sali gimnastycznej, w obecno\u015bci pocztu sztandarowego szko\u0142y zosta\u0142 od\u015bpiewany hymn narodowy &#8211; \u201eMazurek D\u0105browskiego\u201d. Uczniowie oddali ho\u0142d poleg\u0142ym w walce o niepodleg\u0142o\u015b\u0107 recytuj\u0105c pi\u0119kne i wzruszaj\u0105ce wiersze. Wyst\u0119py przypomnia\u0142y o wydarzeniach wrze\u015bnia 1939 roku i o bohaterstwie polskiego narodu.<\/div>\n<div dir=\"auto\" style=\"text-align: justify;\">Pani dyrektor Anna Grochowianka \u017cyczy\u0142a wszystkim uczniom dobrego i bezpiecznego roku szkolnego, aby by\u0142 on pe\u0142en sukces\u00f3w, nowych do\u015bwiadcze\u0144 i satysfakcji z w\u0142asnych osi\u0105gni\u0119\u0107. Niech ka\u017cdy dzie\u0144 b\u0119dzie okazj\u0105 do nauki, ale te\u017c do u\u015bmiechu, spotka\u0144 z przyjaci\u00f3\u0142mi i odkrywania \u015bwiata na nowo. Nauczycielom \u017cyczy\u0142a inspiracji i pozytywnej energii, a rodzicom, aby z rado\u015bci\u0105 obserwowali rozw\u00f3j swoich pociech, cieszyli si\u0119 z ich sukces\u00f3w i towarzyszyli im w pokonywaniu trudno\u015bci.<\/div>\n<div dir=\"auto\">&nbsp;<\/div>\n<\/div>\n<div dir=\"auto\"><a href=\"https:\/\/www.facebook.com\/profile.php?id=61568658417566\" target=\"_blank\" rel=\"noopener\">GALERIA zdj\u0119\u0107 na szkolnym facebooku<\/a>&nbsp;<\/div>\n<div class=\"xdj266r x14z9mp xat24cr x1lziwak x1vvkbs x126k92a\">\n<div dir=\"auto\">&nbsp;<\/div>\n<\/div>\n<\/div>\n<\/div>\n<\/div>\n<\/div>\n<\/div>\n<\/div>\n<\/div>\n","protected":false},"excerpt":{"rendered":"<p>1 wrze\u015bnia ca\u0142a spo\u0142eczno\u015b\u0107 naszej szko\u0142y spotka\u0142a si\u0119, by wsp\u00f3lnie rozpocz\u0105\u0107 kolejny rok nauki, pe\u0142en wyzwa\u0144, nowych do\u015bwiadcze\u0144 i ciekawych przyg\u00f3d. Uroczysto\u015b\u0107 rozpocz\u0119\u0142a si\u0119 Msz\u0105 \u015awi\u0119t\u0105 w ko\u015bciele parafialnym pw. NMP Kr\u00f3lowej Polski, kt\u00f3rej przewodniczy\u0142 Ks. Mariusz \u015aliwa. Nast\u0119pnie udali\u015bmy si\u0119 do szko\u0142y, gdzie pod obeliskiem upami\u0119tniaj\u0105cym bohater\u00f3w walcz\u0105cych o wolno\u015b\u0107 Polski delegacja uczni\u00f3w, Julia &hellip; <a href=\"https:\/\/lukowe.przemyska.pl\/index.php\/2025\/09\/03\/rozpoczecie-nowego-roku-szkolnego\/\" class=\"more-link\">Czytaj dalej<span class=\"screen-reader-text\"> \u201eRozpocz\u0119cie Nowego Roku Szkolnego\u201d<\/span><\/a><\/p>\n","protected":false},"author":2,"featured_media":2688,"comment_status":"closed","ping_status":"closed","sticky":false,"template":"","format":"standard","meta":{"ngg_post_thumbnail":0,"footnotes":""},"categories":[1],"tags":[],"class_list":["post-2687","post","type-post","status-publish","format-standard","has-post-thumbnail","hentry","category-bez-kategorii"],"_links":{"self":[{"href":"https:\/\/lukowe.przemyska.pl\/index.php\/wp-json\/wp\/v2\/posts\/2687","targetHints":{"allow":["GET"]}}],"collection":[{"href":"https:\/\/lukowe.przemyska.pl\/index.php\/wp-json\/wp\/v2\/posts"}],"about":[{"href":"https:\/\/lukowe.przemyska.pl\/index.php\/wp-json\/wp\/v2\/types\/post"}],"author":[{"embeddable":true,"href":"https:\/\/lukowe.przemyska.pl\/index.php\/wp-json\/wp\/v2\/users\/2"}],"replies":[{"embeddable":true,"href":"https:\/\/lukowe.przemyska.pl\/index.php\/wp-json\/wp\/v2\/comments?post=2687"}],"version-history":[{"count":2,"href":"https:\/\/lukowe.przemyska.pl\/index.php\/wp-json\/wp\/v2\/posts\/2687\/revisions"}],"predecessor-version":[{"id":2690,"href":"https:\/\/lukowe.przemyska.pl\/index.php\/wp-json\/wp\/v2\/posts\/2687\/revisions\/2690"}],"wp:featuredmedia":[{"embeddable":true,"href":"https:\/\/lukowe.przemyska.pl\/index.php\/wp-json\/wp\/v2\/media\/2688"}],"wp:attachment":[{"href":"https:\/\/lukowe.przemyska.pl\/index.php\/wp-json\/wp\/v2\/media?parent=2687"}],"wp:term":[{"taxonomy":"category","embeddable":true,"href":"https:\/\/lukowe.przemyska.pl\/index.php\/wp-json\/wp\/v2\/categories?post=2687"},{"taxonomy":"post_tag","embeddable":true,"href":"https:\/\/lukowe.przemyska.pl\/index.php\/wp-json\/wp\/v2\/tags?post=2687"}],"curies":[{"name":"wp","href":"https:\/\/api.w.org\/{rel}","templated":true}]}}