{"id":2679,"date":"2025-08-31T21:52:00","date_gmt":"2025-08-31T19:52:00","guid":{"rendered":"https:\/\/lukowe.przemyska.pl\/?p=2679"},"modified":"2025-08-31T22:33:20","modified_gmt":"2025-08-31T20:33:20","slug":"dozynki-gminne-w-mokrem","status":"publish","type":"post","link":"https:\/\/lukowe.przemyska.pl\/index.php\/2025\/08\/31\/dozynki-gminne-w-mokrem\/","title":{"rendered":"Do\u017cynki Gminne w Mokrem"},"content":{"rendered":"<div class=\"html-div xdj266r x14z9mp xat24cr x1lziwak xexx8yu xyri2b x18d9i69 x1c1uobl\" dir=\"auto\">\n<div class=\"html-div xdj266r x14z9mp xat24cr x1lziwak xexx8yu xyri2b x18d9i69 x1c1uobl\" data-ad-rendering-role=\"story_message\">\n<div id=\"_r_6f_\" class=\"x1l90r2v x1iorvi4 x1g0dm76 xpdmqnj\" data-ad-comet-preview=\"message\" data-ad-preview=\"message\">\n<div class=\"x78zum5 xdt5ytf xz62fqu x16ldp7u\">\n<div class=\"xu06os2 x1ok221b\">\n<div class=\"html-div xdj266r x14z9mp xat24cr x1lziwak xexx8yu xyri2b x18d9i69 x1c1uobl\">\n<div class=\"xdj266r x14z9mp xat24cr x1lziwak x1vvkbs x126k92a\">\n<div dir=\"auto\" style=\"text-align: justify;\">Przedstawiciele naszej Parafii z \u0141ukowego, \u015aredniego Wielkiego oraz z Kalnicy wzi\u0119li udzia\u0142 31 sierpnia 2025r. w Do\u017cynkach Gminnych w Mokrym. O godz. 12.00 zosta\u0142a odprawiona Msza \u015bw. dzi\u0119kczynna w cerkwi greckokatolickiej. Nast\u0119pnie mia\u0142 miejsce przemarsz korowodu do\u017cynkowego na miejsce uroczysto\u015bci. Po oficjalnym rozpocz\u0119ciu uroczysto\u015bci odby\u0142a si\u0119 prezentacja wie\u0144c\u00f3w oraz wyst\u0119py poszczeg\u00f3lnych so\u0142ectw.<\/div>\n<div dir=\"auto\" style=\"text-align: justify;\">Nasza Parafia podnios\u0142a bardzo wysoko poprzeczk\u0119 poprzez przygotowanie naj\u0142adniejszych wie\u0144c\u00f3w oraz najlepsze wykonanie \u015bpiew\u00f3w, co te\u017c zosta\u0142o docenione gromkimi brawami!<\/div>\n<div dir=\"auto\" style=\"text-align: justify;\">Gratulujemy!<\/div>\n<div dir=\"auto\" style=\"text-align: justify;\">Tak trzyma\u0107 <span class=\"html-span xexx8yu xyri2b x18d9i69 x1c1uobl x1hl2dhg x16tdsg8 x1vvkbs x3nfvp2 x1j61x8r x1fcty0u xdj266r xat24cr xm2jcoa x1mpyi22 xxymvpz xlup9mm x1kky2od\"><img loading=\"lazy\" decoding=\"async\" class=\"xz74otr x15mokao x1ga7v0g x16uus16 xbiv7yw\" src=\"https:\/\/static.xx.fbcdn.net\/images\/emoji.php\/v9\/t57\/1\/16\/1f609.png\" alt=\"\ud83d\ude09\" width=\"16\" height=\"16\"><\/span><\/div>\n<div dir=\"auto\">&nbsp;<\/div>\n<\/div>\n<\/div>\n<div dir=\"auto\"><a href=\"https:\/\/www.facebook.com\/photo?fbid=122110960040979184&amp;set=pcb.122110962014979184\">Galeria zdj\u0119\u0107&nbsp;<\/a><\/div>\n<\/div>\n<div dir=\"auto\">&nbsp;<\/div>\n<div class=\"xu06os2 x1ok221b\">\n<div class=\"html-div xdj266r x14z9mp xat24cr x1lziwak xexx8yu xyri2b x18d9i69 x1c1uobl\">\n<div class=\"x14z9mp xat24cr x1lziwak x1vvkbs xtlvy1s x126k92a\">\n<div dir=\"auto\" style=\"text-align: justify;\">PS. Nasi pi\u0142karze wygrali z MTS San Mrzyg\u0142\u00f3d 3:2 <span class=\"html-span xexx8yu xyri2b x18d9i69 x1c1uobl x1hl2dhg x16tdsg8 x1vvkbs x3nfvp2 x1j61x8r x1fcty0u xdj266r xat24cr xm2jcoa x1mpyi22 xxymvpz xlup9mm x1kky2od\"><img loading=\"lazy\" decoding=\"async\" class=\"xz74otr x15mokao x1ga7v0g x16uus16 xbiv7yw\" src=\"https:\/\/static.xx.fbcdn.net\/images\/emoji.php\/v9\/t6c\/1\/16\/1f4aa.png\" alt=\"\ud83d\udcaa\" width=\"16\" height=\"16\"><\/span><span class=\"html-span xexx8yu xyri2b x18d9i69 x1c1uobl x1hl2dhg x16tdsg8 x1vvkbs x3nfvp2 x1j61x8r x1fcty0u xdj266r xat24cr xm2jcoa x1mpyi22 xxymvpz xlup9mm x1kky2od\"><img loading=\"lazy\" decoding=\"async\" class=\"xz74otr x15mokao x1ga7v0g x16uus16 xbiv7yw\" src=\"https:\/\/static.xx.fbcdn.net\/images\/emoji.php\/v9\/t6c\/1\/16\/1f4aa.png\" alt=\"\ud83d\udcaa\" width=\"16\" height=\"16\"><\/span><\/div>\n<\/div>\n<\/div>\n<div dir=\"auto\">&nbsp;<\/div>\n<\/div>\n<\/div>\n<\/div>\n<\/div>\n<\/div>\n","protected":false},"excerpt":{"rendered":"<p>Przedstawiciele naszej Parafii z \u0141ukowego, \u015aredniego Wielkiego oraz z Kalnicy wzi\u0119li udzia\u0142 31 sierpnia 2025r. w Do\u017cynkach Gminnych w Mokrym. O godz. 12.00 zosta\u0142a odprawiona Msza \u015bw. dzi\u0119kczynna w cerkwi greckokatolickiej. Nast\u0119pnie mia\u0142 miejsce przemarsz korowodu do\u017cynkowego na miejsce uroczysto\u015bci. Po oficjalnym rozpocz\u0119ciu uroczysto\u015bci odby\u0142a si\u0119 prezentacja wie\u0144c\u00f3w oraz wyst\u0119py poszczeg\u00f3lnych so\u0142ectw. Nasza Parafia podnios\u0142a &hellip; <a href=\"https:\/\/lukowe.przemyska.pl\/index.php\/2025\/08\/31\/dozynki-gminne-w-mokrem\/\" class=\"more-link\">Czytaj dalej<span class=\"screen-reader-text\"> \u201eDo\u017cynki Gminne w Mokrem\u201d<\/span><\/a><\/p>\n","protected":false},"author":2,"featured_media":2683,"comment_status":"closed","ping_status":"closed","sticky":false,"template":"","format":"standard","meta":{"ngg_post_thumbnail":0,"footnotes":""},"categories":[1],"tags":[],"class_list":["post-2679","post","type-post","status-publish","format-standard","has-post-thumbnail","hentry","category-bez-kategorii"],"_links":{"self":[{"href":"https:\/\/lukowe.przemyska.pl\/index.php\/wp-json\/wp\/v2\/posts\/2679","targetHints":{"allow":["GET"]}}],"collection":[{"href":"https:\/\/lukowe.przemyska.pl\/index.php\/wp-json\/wp\/v2\/posts"}],"about":[{"href":"https:\/\/lukowe.przemyska.pl\/index.php\/wp-json\/wp\/v2\/types\/post"}],"author":[{"embeddable":true,"href":"https:\/\/lukowe.przemyska.pl\/index.php\/wp-json\/wp\/v2\/users\/2"}],"replies":[{"embeddable":true,"href":"https:\/\/lukowe.przemyska.pl\/index.php\/wp-json\/wp\/v2\/comments?post=2679"}],"version-history":[{"count":3,"href":"https:\/\/lukowe.przemyska.pl\/index.php\/wp-json\/wp\/v2\/posts\/2679\/revisions"}],"predecessor-version":[{"id":2684,"href":"https:\/\/lukowe.przemyska.pl\/index.php\/wp-json\/wp\/v2\/posts\/2679\/revisions\/2684"}],"wp:featuredmedia":[{"embeddable":true,"href":"https:\/\/lukowe.przemyska.pl\/index.php\/wp-json\/wp\/v2\/media\/2683"}],"wp:attachment":[{"href":"https:\/\/lukowe.przemyska.pl\/index.php\/wp-json\/wp\/v2\/media?parent=2679"}],"wp:term":[{"taxonomy":"category","embeddable":true,"href":"https:\/\/lukowe.przemyska.pl\/index.php\/wp-json\/wp\/v2\/categories?post=2679"},{"taxonomy":"post_tag","embeddable":true,"href":"https:\/\/lukowe.przemyska.pl\/index.php\/wp-json\/wp\/v2\/tags?post=2679"}],"curies":[{"name":"wp","href":"https:\/\/api.w.org\/{rel}","templated":true}]}}