{"id":2616,"date":"2025-08-24T23:08:30","date_gmt":"2025-08-24T21:08:30","guid":{"rendered":"https:\/\/lukowe.przemyska.pl\/?p=2616"},"modified":"2025-08-31T22:46:03","modified_gmt":"2025-08-31T20:46:03","slug":"podziekowanie","status":"publish","type":"post","link":"https:\/\/lukowe.przemyska.pl\/index.php\/2025\/08\/24\/podziekowanie\/","title":{"rendered":"Podzi\u0119kowanie"},"content":{"rendered":"<div class=\"html-div xdj266r x14z9mp xat24cr x1lziwak xexx8yu xyri2b x18d9i69 x1c1uobl\" dir=\"auto\">\n<div class=\"html-div xdj266r x14z9mp xat24cr x1lziwak xexx8yu xyri2b x18d9i69 x1c1uobl\" data-ad-rendering-role=\"story_message\">\n<div id=\"_R_alanan8pl5bb6in5klilipamH2_\" class=\"x1l90r2v x1iorvi4 x1g0dm76 xpdmqnj\" data-ad-comet-preview=\"message\" data-ad-preview=\"message\">\n<div class=\"x78zum5 xdt5ytf xz62fqu x16ldp7u\">\n<div class=\"xu06os2 x1ok221b\">\n<div class=\"html-div xdj266r x14z9mp xat24cr x1lziwak xexx8yu xyri2b x18d9i69 x1c1uobl\">\n<div class=\"xdj266r x14z9mp xat24cr x1lziwak x1vvkbs x126k92a\">\n<div dir=\"auto\" style=\"text-align: justify;\">Moi drodzy.<\/div>\n<div dir=\"auto\" style=\"text-align: justify;\">Pozw\u00f3lcie jeszcze w tak wa\u017cnym dla mnie dniu na kr\u00f3tkie podzi\u0119kowania.<\/div>\n<div dir=\"auto\" style=\"text-align: justify;\">Przede wszystkim, to dzi\u0119kuj\u0119 Panu Bogu, \u017ce da\u0142 mi tak\u0105 pi\u0119kn\u0105 parafi\u0119.<\/div>\n<div dir=\"auto\" style=\"text-align: justify;\">Tak pi\u0119knie po\u0142o\u017con\u0105, ale tak\u017ce pi\u0119knie rozwijaj\u0105c\u0105 si\u0119 i duchowo i materialnie. Za ksi\u0119dza Piotra i wcze\u015bniejszych proboszcz\u00f3w, ka\u017cdy z nich z Wasz\u0105 pomoc\u0105 zostawi\u0142 tutaj wiele dobra duchowego i materialnego, bo patrz\u0105c na Wasze \u015bwi\u0105tynie, ich zadbane obej\u015bcie, mo\u017cecie by\u0107 z siebie dumni! Dzi\u0119kuj\u0119 te\u017c Panu Bogu, za ka\u017cdego z Was, moi Parafianie, tak jak m\u00f3wi\u0142em w kazaniu chcia\u0142bym, by\u015bmy byli dla siebie bra\u0107mi i siostrami.<\/div>\n<div dir=\"auto\" style=\"text-align: justify;\">Bardzo dzi\u0119kuj\u0119 za wprowadzenie mnie w urz\u0105d proboszcza, Archiprezbiterowi Bieszczadzkiemu Ks. Pra\u0142atowi Wojciechowi Szlachcie, kt\u00f3ry dzi\u015b instaluje jeszcze dw\u00f3ch proboszcz\u00f3w. Obecnemu tutaj Ks. Kanonikowi Andrzejowi Ko\u0142odziejowi proboszczowi mojej rodzinnej parafii, kt\u00f3ry przygotowywa\u0142 mnie do \u015bwi\u0119ce\u0144 kap\u0142a\u0144skich, a wcze\u015bniej pracowa\u0142 tu w tutejszym dekanacie prawie 10 lat i pozostawi\u0142 po sobie \u015bwi\u0105tyni\u0119 w Nowym \u0141upkowie. Dzi\u0119kuj\u0119 ksi\u0119\u017com z Przeworska, Krosna i innych miejsc, kt\u00f3rzy z racji niedzielnych obowi\u0105zk\u00f3w w swoich parafiach nie mogli przyby\u0107, ale \u0142\u0105cz\u0105 si\u0119 z nami duchowo.<\/div>\n<div dir=\"auto\" style=\"text-align: justify;\">Ciesz\u0119 si\u0119 obecno\u015bci\u0105 naszego Rodaka &#8211; Pana Burmistrza Ernesta Nowaka. Dzi\u0119kuj\u0119 Panie Burmistrzu za obecno\u015b\u0107 i trosk\u0119 o nasz\u0105 wsp\u00f3lnot\u0119. Ciesz\u0119 si\u0119 obecno\u015bci\u0105 Pani Dyrektor Szko\u0142y Anny Grochowianki, Pan\u00f3w So\u0142tys\u00f3w: z \u0141ukowego Bogdana Antolaka (pan So\u0142tys \u0142\u0105czy si\u0119 z nami duchowo z zagranicy) z \u015aredniego Wielkiego Pana Stanis\u0142awa Puzio, i Kalnicy Pana Grzegorza Sowy.<\/div>\n<div dir=\"auto\" style=\"text-align: justify;\">Tak prywatnie, ciesz\u0119 si\u0119 niezmiernie obecno\u015bci\u0105 na tej Mszy \u015bw. moich Rodzic\u00f3w. Gdyby nie Wy, to przecie\u017c dzi\u015b tu by mnie nie by\u0142o. Dzi\u0119kuj\u0119 Wam za Wasz\u0105 rodzicielsk\u0105 mi\u0142o\u015b\u0107 i trosk\u0119. Dzi\u0119kuj\u0119 obecnym tu moim Przyjacio\u0142om z Krosna Joli, Januszowi, Aneccie, za to \u017ce zawsze mog\u0119 na was liczy\u0107, oraz tym, kt\u00f3rzy z racji obowi\u0105zk\u00f3w, czy urlop\u00f3w nie mogli dzi\u015b przyby\u0107, ale te\u017c zapewniaj\u0105 o duchowej \u0142\u0105czno\u015bci.<\/div>\n<div dir=\"auto\" style=\"text-align: justify;\">Dzi\u0119kuj\u0119 Panu Ko\u015bcielnemu Tomaszowi Szlaga, Ch\u00f3rowi, s\u0142u\u017cbie liturgicznej o\u0142tarza. I wszystkim Wam, jeszcze Was wszystkich nie znam, ale dzi\u0119kuj\u0119 Wam za obecno\u015b\u0107 i dar Waszej modlitwy i to s\u0142owo przekazane przez Waszych przedstawicieli.<\/div>\n<div dir=\"auto\" style=\"text-align: justify;\">Wszystkim Wam dzi\u0119kuj\u0119 i prosz\u0119 te\u017c o modlitw\u0119 w mojej intencji.<\/div>\n<div dir=\"auto\">&nbsp;<\/div>\n<div dir=\"auto\">\n<div id='gallery-1' class='gallery galleryid-2616 gallery-columns-3 gallery-size-thumbnail'><figure class='gallery-item'>\n\t\t\t<div class='gallery-icon portrait'>\n\t\t\t\t<a href='https:\/\/lukowe.przemyska.pl\/wp-content\/uploads\/2025\/08\/GQSwyXs-2.jpg'><img loading=\"lazy\" decoding=\"async\" width=\"150\" height=\"150\" src=\"https:\/\/lukowe.przemyska.pl\/wp-content\/uploads\/2025\/08\/GQSwyXs-2-150x150.jpg\" class=\"attachment-thumbnail size-thumbnail\" alt=\"\" \/><\/a>\n\t\t\t<\/div><\/figure><figure class='gallery-item'>\n\t\t\t<div class='gallery-icon landscape'>\n\t\t\t\t<a href='https:\/\/lukowe.przemyska.pl\/wp-content\/uploads\/2025\/08\/kw2SZIjt-2.jpg'><img loading=\"lazy\" decoding=\"async\" width=\"150\" height=\"150\" src=\"https:\/\/lukowe.przemyska.pl\/wp-content\/uploads\/2025\/08\/kw2SZIjt-2-150x150.jpg\" class=\"attachment-thumbnail size-thumbnail\" alt=\"\" \/><\/a>\n\t\t\t<\/div><\/figure><figure class='gallery-item'>\n\t\t\t<div class='gallery-icon portrait'>\n\t\t\t\t<a href='https:\/\/lukowe.przemyska.pl\/wp-content\/uploads\/2025\/08\/NQtsH6Hc-2.jpg'><img loading=\"lazy\" decoding=\"async\" width=\"150\" height=\"150\" src=\"https:\/\/lukowe.przemyska.pl\/wp-content\/uploads\/2025\/08\/NQtsH6Hc-2-150x150.jpg\" class=\"attachment-thumbnail size-thumbnail\" alt=\"\" \/><\/a>\n\t\t\t<\/div><\/figure><figure class='gallery-item'>\n\t\t\t<div class='gallery-icon portrait'>\n\t\t\t\t<a href='https:\/\/lukowe.przemyska.pl\/wp-content\/uploads\/2025\/08\/KlB7CdCK-2.jpg'><img loading=\"lazy\" decoding=\"async\" width=\"150\" height=\"150\" src=\"https:\/\/lukowe.przemyska.pl\/wp-content\/uploads\/2025\/08\/KlB7CdCK-2-150x150.jpg\" class=\"attachment-thumbnail size-thumbnail\" alt=\"\" \/><\/a>\n\t\t\t<\/div><\/figure><figure class='gallery-item'>\n\t\t\t<div class='gallery-icon portrait'>\n\t\t\t\t<a href='https:\/\/lukowe.przemyska.pl\/wp-content\/uploads\/2025\/08\/wRIpURXt-2.jpg'><img loading=\"lazy\" decoding=\"async\" width=\"150\" height=\"150\" src=\"https:\/\/lukowe.przemyska.pl\/wp-content\/uploads\/2025\/08\/wRIpURXt-2-150x150.jpg\" class=\"attachment-thumbnail size-thumbnail\" alt=\"\" \/><\/a>\n\t\t\t<\/div><\/figure><figure class='gallery-item'>\n\t\t\t<div class='gallery-icon landscape'>\n\t\t\t\t<a href='https:\/\/lukowe.przemyska.pl\/wp-content\/uploads\/2025\/08\/in4L1bb5-3.jpg'><img loading=\"lazy\" decoding=\"async\" width=\"150\" height=\"150\" src=\"https:\/\/lukowe.przemyska.pl\/wp-content\/uploads\/2025\/08\/in4L1bb5-3-150x150.jpg\" class=\"attachment-thumbnail size-thumbnail\" alt=\"\" \/><\/a>\n\t\t\t<\/div><\/figure>\n\t\t<\/div>\n\n<\/div>\n<div dir=\"auto\">&nbsp;<\/div>\n<\/div>\n<\/div>\n<\/div>\n<\/div>\n<\/div>\n<\/div>\n<\/div>\n","protected":false},"excerpt":{"rendered":"<p>Moi drodzy. Pozw\u00f3lcie jeszcze w tak wa\u017cnym dla mnie dniu na kr\u00f3tkie podzi\u0119kowania. Przede wszystkim, to dzi\u0119kuj\u0119 Panu Bogu, \u017ce da\u0142 mi tak\u0105 pi\u0119kn\u0105 parafi\u0119. Tak pi\u0119knie po\u0142o\u017con\u0105, ale tak\u017ce pi\u0119knie rozwijaj\u0105c\u0105 si\u0119 i duchowo i materialnie. Za ksi\u0119dza Piotra i wcze\u015bniejszych proboszcz\u00f3w, ka\u017cdy z nich z Wasz\u0105 pomoc\u0105 zostawi\u0142 tutaj wiele dobra duchowego i &hellip; <a href=\"https:\/\/lukowe.przemyska.pl\/index.php\/2025\/08\/24\/podziekowanie\/\" class=\"more-link\">Czytaj dalej<span class=\"screen-reader-text\"> \u201ePodzi\u0119kowanie\u201d<\/span><\/a><\/p>\n","protected":false},"author":2,"featured_media":2617,"comment_status":"closed","ping_status":"closed","sticky":false,"template":"","format":"standard","meta":{"ngg_post_thumbnail":0,"footnotes":""},"categories":[1],"tags":[],"class_list":["post-2616","post","type-post","status-publish","format-standard","has-post-thumbnail","hentry","category-bez-kategorii"],"_links":{"self":[{"href":"https:\/\/lukowe.przemyska.pl\/index.php\/wp-json\/wp\/v2\/posts\/2616","targetHints":{"allow":["GET"]}}],"collection":[{"href":"https:\/\/lukowe.przemyska.pl\/index.php\/wp-json\/wp\/v2\/posts"}],"about":[{"href":"https:\/\/lukowe.przemyska.pl\/index.php\/wp-json\/wp\/v2\/types\/post"}],"author":[{"embeddable":true,"href":"https:\/\/lukowe.przemyska.pl\/index.php\/wp-json\/wp\/v2\/users\/2"}],"replies":[{"embeddable":true,"href":"https:\/\/lukowe.przemyska.pl\/index.php\/wp-json\/wp\/v2\/comments?post=2616"}],"version-history":[{"count":9,"href":"https:\/\/lukowe.przemyska.pl\/index.php\/wp-json\/wp\/v2\/posts\/2616\/revisions"}],"predecessor-version":[{"id":2668,"href":"https:\/\/lukowe.przemyska.pl\/index.php\/wp-json\/wp\/v2\/posts\/2616\/revisions\/2668"}],"wp:featuredmedia":[{"embeddable":true,"href":"https:\/\/lukowe.przemyska.pl\/index.php\/wp-json\/wp\/v2\/media\/2617"}],"wp:attachment":[{"href":"https:\/\/lukowe.przemyska.pl\/index.php\/wp-json\/wp\/v2\/media?parent=2616"}],"wp:term":[{"taxonomy":"category","embeddable":true,"href":"https:\/\/lukowe.przemyska.pl\/index.php\/wp-json\/wp\/v2\/categories?post=2616"},{"taxonomy":"post_tag","embeddable":true,"href":"https:\/\/lukowe.przemyska.pl\/index.php\/wp-json\/wp\/v2\/tags?post=2616"}],"curies":[{"name":"wp","href":"https:\/\/api.w.org\/{rel}","templated":true}]}}