{"id":2480,"date":"2023-05-03T21:35:18","date_gmt":"2023-05-03T19:35:18","guid":{"rendered":"https:\/\/lukowe.przemyska.pl\/?p=2480"},"modified":"2023-05-10T21:37:32","modified_gmt":"2023-05-10T19:37:32","slug":"bierzmowanie","status":"publish","type":"post","link":"https:\/\/lukowe.przemyska.pl\/index.php\/2023\/05\/03\/bierzmowanie\/","title":{"rendered":"BIERZMOWANIE"},"content":{"rendered":"<p>W Uroczysto\u015b\u0107 Odpustow\u0105 Matki Bo\u017cej Kr\u00f3lowej Polski biskup Stanis\u0142aw Jamrozek udzieli\u0142 uczniom klasy 8 sakramentu Bierzmowania w liczbie 13 os\u00f3b.<\/p>\n","protected":false},"excerpt":{"rendered":"<p>W Uroczysto\u015b\u0107 Odpustow\u0105 Matki Bo\u017cej Kr\u00f3lowej Polski biskup Stanis\u0142aw Jamrozek udzieli\u0142 uczniom klasy 8 sakramentu Bierzmowania w liczbie 13 os\u00f3b.<\/p>\n","protected":false},"author":1,"featured_media":2481,"comment_status":"closed","ping_status":"closed","sticky":false,"template":"","format":"standard","meta":{"ngg_post_thumbnail":0,"footnotes":""},"categories":[1],"tags":[],"class_list":["post-2480","post","type-post","status-publish","format-standard","has-post-thumbnail","hentry","category-bez-kategorii"],"_links":{"self":[{"href":"https:\/\/lukowe.przemyska.pl\/index.php\/wp-json\/wp\/v2\/posts\/2480","targetHints":{"allow":["GET"]}}],"collection":[{"href":"https:\/\/lukowe.przemyska.pl\/index.php\/wp-json\/wp\/v2\/posts"}],"about":[{"href":"https:\/\/lukowe.przemyska.pl\/index.php\/wp-json\/wp\/v2\/types\/post"}],"author":[{"embeddable":true,"href":"https:\/\/lukowe.przemyska.pl\/index.php\/wp-json\/wp\/v2\/users\/1"}],"replies":[{"embeddable":true,"href":"https:\/\/lukowe.przemyska.pl\/index.php\/wp-json\/wp\/v2\/comments?post=2480"}],"version-history":[{"count":1,"href":"https:\/\/lukowe.przemyska.pl\/index.php\/wp-json\/wp\/v2\/posts\/2480\/revisions"}],"predecessor-version":[{"id":2482,"href":"https:\/\/lukowe.przemyska.pl\/index.php\/wp-json\/wp\/v2\/posts\/2480\/revisions\/2482"}],"wp:featuredmedia":[{"embeddable":true,"href":"https:\/\/lukowe.przemyska.pl\/index.php\/wp-json\/wp\/v2\/media\/2481"}],"wp:attachment":[{"href":"https:\/\/lukowe.przemyska.pl\/index.php\/wp-json\/wp\/v2\/media?parent=2480"}],"wp:term":[{"taxonomy":"category","embeddable":true,"href":"https:\/\/lukowe.przemyska.pl\/index.php\/wp-json\/wp\/v2\/categories?post=2480"},{"taxonomy":"post_tag","embeddable":true,"href":"https:\/\/lukowe.przemyska.pl\/index.php\/wp-json\/wp\/v2\/tags?post=2480"}],"curies":[{"name":"wp","href":"https:\/\/api.w.org\/{rel}","templated":true}]}}