{"id":2475,"date":"2023-04-06T21:29:46","date_gmt":"2023-04-06T19:29:46","guid":{"rendered":"https:\/\/lukowe.przemyska.pl\/?p=2475"},"modified":"2023-05-10T21:35:08","modified_gmt":"2023-05-10T19:35:08","slug":"droga-krzyzowa-na-gore-milosierdzia","status":"publish","type":"post","link":"https:\/\/lukowe.przemyska.pl\/index.php\/2023\/04\/06\/droga-krzyzowa-na-gore-milosierdzia\/","title":{"rendered":"Droga Krzy\u017cowa na G\u00f3r\u0119 Mi\u0142osierdzia"},"content":{"rendered":"<p>W Wielkim Tygodniu uczestniczyli\u015bmy w Drodze Krzy\u017cowej na G\u00f3r\u0119 Mi\u0142osierdzia. Rozwa\u017cania w tym roku prowadzi\u0142a m\u0142odzie\u017c przygotowuj\u0105ca si\u0119 do sakramentu bierzmowania z klasy 8.&nbsp;<\/p>\n","protected":false},"excerpt":{"rendered":"<p>W Wielkim Tygodniu uczestniczyli\u015bmy w Drodze Krzy\u017cowej na G\u00f3r\u0119 Mi\u0142osierdzia. Rozwa\u017cania w tym roku prowadzi\u0142a m\u0142odzie\u017c przygotowuj\u0105ca si\u0119 do sakramentu bierzmowania z klasy 8.&nbsp;<\/p>\n","protected":false},"author":1,"featured_media":2476,"comment_status":"closed","ping_status":"closed","sticky":false,"template":"","format":"standard","meta":{"ngg_post_thumbnail":0,"footnotes":""},"categories":[1],"tags":[],"class_list":["post-2475","post","type-post","status-publish","format-standard","has-post-thumbnail","hentry","category-bez-kategorii"],"_links":{"self":[{"href":"https:\/\/lukowe.przemyska.pl\/index.php\/wp-json\/wp\/v2\/posts\/2475","targetHints":{"allow":["GET"]}}],"collection":[{"href":"https:\/\/lukowe.przemyska.pl\/index.php\/wp-json\/wp\/v2\/posts"}],"about":[{"href":"https:\/\/lukowe.przemyska.pl\/index.php\/wp-json\/wp\/v2\/types\/post"}],"author":[{"embeddable":true,"href":"https:\/\/lukowe.przemyska.pl\/index.php\/wp-json\/wp\/v2\/users\/1"}],"replies":[{"embeddable":true,"href":"https:\/\/lukowe.przemyska.pl\/index.php\/wp-json\/wp\/v2\/comments?post=2475"}],"version-history":[{"count":3,"href":"https:\/\/lukowe.przemyska.pl\/index.php\/wp-json\/wp\/v2\/posts\/2475\/revisions"}],"predecessor-version":[{"id":2479,"href":"https:\/\/lukowe.przemyska.pl\/index.php\/wp-json\/wp\/v2\/posts\/2475\/revisions\/2479"}],"wp:featuredmedia":[{"embeddable":true,"href":"https:\/\/lukowe.przemyska.pl\/index.php\/wp-json\/wp\/v2\/media\/2476"}],"wp:attachment":[{"href":"https:\/\/lukowe.przemyska.pl\/index.php\/wp-json\/wp\/v2\/media?parent=2475"}],"wp:term":[{"taxonomy":"category","embeddable":true,"href":"https:\/\/lukowe.przemyska.pl\/index.php\/wp-json\/wp\/v2\/categories?post=2475"},{"taxonomy":"post_tag","embeddable":true,"href":"https:\/\/lukowe.przemyska.pl\/index.php\/wp-json\/wp\/v2\/tags?post=2475"}],"curies":[{"name":"wp","href":"https:\/\/api.w.org\/{rel}","templated":true}]}}