{"id":2472,"date":"2023-03-27T21:26:44","date_gmt":"2023-03-27T19:26:44","guid":{"rendered":"https:\/\/lukowe.przemyska.pl\/?p=2472"},"modified":"2023-05-10T21:29:28","modified_gmt":"2023-05-10T19:29:28","slug":"rekolekcje-wielkopostne","status":"publish","type":"post","link":"https:\/\/lukowe.przemyska.pl\/index.php\/2023\/03\/27\/rekolekcje-wielkopostne\/","title":{"rendered":"REKOLEKCJE WIELKOPOSTNE"},"content":{"rendered":"<p>W dniach 24-26 marca w naszej parafii uczestniczyli\u015bmy w wielkopostnych rekolekcjach, kt\u00f3re w tym roku prowadzi\u0142 ks. Pawe\u0142 Serwa\u0144ski wikariusz z parafii Matki Bo\u017cej Kr\u00f3lowej Polski w Jaros\u0142awiu. Zapraszamy do obejrzenia fotorealacji kt\u00f3ra znajduje si\u0119 w galerii<\/p>\n","protected":false},"excerpt":{"rendered":"<p>W dniach 24-26 marca w naszej parafii uczestniczyli\u015bmy w wielkopostnych rekolekcjach, kt\u00f3re w tym roku prowadzi\u0142 ks. Pawe\u0142 Serwa\u0144ski wikariusz z parafii Matki Bo\u017cej Kr\u00f3lowej Polski w Jaros\u0142awiu. Zapraszamy do obejrzenia fotorealacji kt\u00f3ra znajduje si\u0119 w galerii<\/p>\n","protected":false},"author":1,"featured_media":2473,"comment_status":"closed","ping_status":"closed","sticky":false,"template":"","format":"standard","meta":{"ngg_post_thumbnail":0,"footnotes":""},"categories":[1],"tags":[],"class_list":["post-2472","post","type-post","status-publish","format-standard","has-post-thumbnail","hentry","category-bez-kategorii"],"_links":{"self":[{"href":"https:\/\/lukowe.przemyska.pl\/index.php\/wp-json\/wp\/v2\/posts\/2472","targetHints":{"allow":["GET"]}}],"collection":[{"href":"https:\/\/lukowe.przemyska.pl\/index.php\/wp-json\/wp\/v2\/posts"}],"about":[{"href":"https:\/\/lukowe.przemyska.pl\/index.php\/wp-json\/wp\/v2\/types\/post"}],"author":[{"embeddable":true,"href":"https:\/\/lukowe.przemyska.pl\/index.php\/wp-json\/wp\/v2\/users\/1"}],"replies":[{"embeddable":true,"href":"https:\/\/lukowe.przemyska.pl\/index.php\/wp-json\/wp\/v2\/comments?post=2472"}],"version-history":[{"count":1,"href":"https:\/\/lukowe.przemyska.pl\/index.php\/wp-json\/wp\/v2\/posts\/2472\/revisions"}],"predecessor-version":[{"id":2474,"href":"https:\/\/lukowe.przemyska.pl\/index.php\/wp-json\/wp\/v2\/posts\/2472\/revisions\/2474"}],"wp:featuredmedia":[{"embeddable":true,"href":"https:\/\/lukowe.przemyska.pl\/index.php\/wp-json\/wp\/v2\/media\/2473"}],"wp:attachment":[{"href":"https:\/\/lukowe.przemyska.pl\/index.php\/wp-json\/wp\/v2\/media?parent=2472"}],"wp:term":[{"taxonomy":"category","embeddable":true,"href":"https:\/\/lukowe.przemyska.pl\/index.php\/wp-json\/wp\/v2\/categories?post=2472"},{"taxonomy":"post_tag","embeddable":true,"href":"https:\/\/lukowe.przemyska.pl\/index.php\/wp-json\/wp\/v2\/tags?post=2472"}],"curies":[{"name":"wp","href":"https:\/\/api.w.org\/{rel}","templated":true}]}}