{"id":2252,"date":"2022-10-02T22:14:41","date_gmt":"2022-10-02T20:14:41","guid":{"rendered":"https:\/\/lukowe.przemyska.pl\/?p=2252"},"modified":"2022-10-24T22:18:59","modified_gmt":"2022-10-24T20:18:59","slug":"odpust-w-srednim-wielkim","status":"publish","type":"post","link":"https:\/\/lukowe.przemyska.pl\/index.php\/2022\/10\/02\/odpust-w-srednim-wielkim\/","title":{"rendered":"Odpust w \u015arednim Wielkim"},"content":{"rendered":"<p style=\"text-align: justify;\">W pierwsz\u0105 niedziel\u0119 pa\u017adziernika w \u015arednim Wielkim odby\u0142 si\u0119 odpust ku czci Matki Bo\u017cej R\u00f3\u017ca\u0144cowej. Uroczysto\u015bci przewodniczy\u0142 ks. Jakub Pomyka\u0142a. Po mszy \u015bwi\u0119tej udali\u015bmy si\u0119 w procesji wok\u00f3\u0142 ko\u015bcio\u0142a z Naj\u015bwi\u0119tszym Sakramentem. Zwie\u0144czeniem uroczysto\u015bci by\u0142o uroczyste b\u0142ogos\u0142awie\u0144stwo.<\/p>\n","protected":false},"excerpt":{"rendered":"<p>W pierwsz\u0105 niedziel\u0119 pa\u017adziernika w \u015arednim Wielkim odby\u0142 si\u0119 odpust ku czci Matki Bo\u017cej R\u00f3\u017ca\u0144cowej. Uroczysto\u015bci przewodniczy\u0142 ks. Jakub Pomyka\u0142a. Po mszy \u015bwi\u0119tej udali\u015bmy si\u0119 w procesji wok\u00f3\u0142 ko\u015bcio\u0142a z Naj\u015bwi\u0119tszym Sakramentem. Zwie\u0144czeniem uroczysto\u015bci by\u0142o uroczyste b\u0142ogos\u0142awie\u0144stwo.<\/p>\n","protected":false},"author":1,"featured_media":2253,"comment_status":"closed","ping_status":"closed","sticky":false,"template":"","format":"standard","meta":{"ngg_post_thumbnail":0,"footnotes":""},"categories":[1],"tags":[],"class_list":["post-2252","post","type-post","status-publish","format-standard","has-post-thumbnail","hentry","category-bez-kategorii"],"_links":{"self":[{"href":"https:\/\/lukowe.przemyska.pl\/index.php\/wp-json\/wp\/v2\/posts\/2252","targetHints":{"allow":["GET"]}}],"collection":[{"href":"https:\/\/lukowe.przemyska.pl\/index.php\/wp-json\/wp\/v2\/posts"}],"about":[{"href":"https:\/\/lukowe.przemyska.pl\/index.php\/wp-json\/wp\/v2\/types\/post"}],"author":[{"embeddable":true,"href":"https:\/\/lukowe.przemyska.pl\/index.php\/wp-json\/wp\/v2\/users\/1"}],"replies":[{"embeddable":true,"href":"https:\/\/lukowe.przemyska.pl\/index.php\/wp-json\/wp\/v2\/comments?post=2252"}],"version-history":[{"count":1,"href":"https:\/\/lukowe.przemyska.pl\/index.php\/wp-json\/wp\/v2\/posts\/2252\/revisions"}],"predecessor-version":[{"id":2254,"href":"https:\/\/lukowe.przemyska.pl\/index.php\/wp-json\/wp\/v2\/posts\/2252\/revisions\/2254"}],"wp:featuredmedia":[{"embeddable":true,"href":"https:\/\/lukowe.przemyska.pl\/index.php\/wp-json\/wp\/v2\/media\/2253"}],"wp:attachment":[{"href":"https:\/\/lukowe.przemyska.pl\/index.php\/wp-json\/wp\/v2\/media?parent=2252"}],"wp:term":[{"taxonomy":"category","embeddable":true,"href":"https:\/\/lukowe.przemyska.pl\/index.php\/wp-json\/wp\/v2\/categories?post=2252"},{"taxonomy":"post_tag","embeddable":true,"href":"https:\/\/lukowe.przemyska.pl\/index.php\/wp-json\/wp\/v2\/tags?post=2252"}],"curies":[{"name":"wp","href":"https:\/\/api.w.org\/{rel}","templated":true}]}}