{"id":220,"date":"2021-02-11T15:09:19","date_gmt":"2021-02-11T14:09:19","guid":{"rendered":"https:\/\/lukowe.przemyska.pl\/?p=220"},"modified":"2021-02-13T18:01:44","modified_gmt":"2021-02-13T17:01:44","slug":"xxix-swiatowy-dzien-chorych","status":"publish","type":"post","link":"https:\/\/lukowe.przemyska.pl\/index.php\/2021\/02\/11\/xxix-swiatowy-dzien-chorych\/","title":{"rendered":"XXIX \u015awiatowy Dzie\u0144 Chorych"},"content":{"rendered":"<p style=\"text-align: justify;\">\u015awiatowy Dzie\u0144 Chorego ustanowi\u0142 Jan Pawe\u0142 II w li\u015bcie skierowanym 13 maja 1992 r. do \u00f3wczesnego przewodnicz\u0105cego Papieskiej Rady ds. Duszpasterstwa S\u0142u\u017cby Zdrowia, kard. Fiorenzo Angeliniego. <!--more-->Papie\u017c wyznaczy\u0142 te\u017c od razu na obchody tego Dnia wspomnienie objawienia Matki Bo\u017cej w Lourdes, kt\u00f3re przypada 11 lutego. Og\u00f3lno\u015bwiatowe obchody tego Dnia odbywaj\u0105 si\u0119 co roku w jednym z sanktuari\u00f3w maryjnych na \u015bwiecie.<\/p>\n<p style=\"text-align: justify;\">Ustanowienie przez Ojca \u015awi\u0119tego Jana Paw\u0142a II \u015awiatowego Dnia Chorego sta\u0142o si\u0119 wezwaniem do ca\u0142ego Ko\u015bcio\u0142a powszechnego, aby po\u015bwi\u0119ci\u0107 jeden dzie\u0144 w roku modlitwie, refleksji i dostrze\u017ceniu miejsca tych, kt\u00f3rzy cierpi\u0105 na duszy i na ciele.<\/p>\n","protected":false},"excerpt":{"rendered":"<p>\u015awiatowy Dzie\u0144 Chorego ustanowi\u0142 Jan Pawe\u0142 II w li\u015bcie skierowanym 13 maja 1992 r. do \u00f3wczesnego przewodnicz\u0105cego Papieskiej Rady ds. Duszpasterstwa S\u0142u\u017cby Zdrowia, kard. Fiorenzo Angeliniego.<\/p>\n","protected":false},"author":1,"featured_media":222,"comment_status":"closed","ping_status":"closed","sticky":false,"template":"","format":"standard","meta":{"ngg_post_thumbnail":0,"footnotes":""},"categories":[1],"tags":[],"class_list":["post-220","post","type-post","status-publish","format-standard","has-post-thumbnail","hentry","category-bez-kategorii"],"_links":{"self":[{"href":"https:\/\/lukowe.przemyska.pl\/index.php\/wp-json\/wp\/v2\/posts\/220","targetHints":{"allow":["GET"]}}],"collection":[{"href":"https:\/\/lukowe.przemyska.pl\/index.php\/wp-json\/wp\/v2\/posts"}],"about":[{"href":"https:\/\/lukowe.przemyska.pl\/index.php\/wp-json\/wp\/v2\/types\/post"}],"author":[{"embeddable":true,"href":"https:\/\/lukowe.przemyska.pl\/index.php\/wp-json\/wp\/v2\/users\/1"}],"replies":[{"embeddable":true,"href":"https:\/\/lukowe.przemyska.pl\/index.php\/wp-json\/wp\/v2\/comments?post=220"}],"version-history":[{"count":4,"href":"https:\/\/lukowe.przemyska.pl\/index.php\/wp-json\/wp\/v2\/posts\/220\/revisions"}],"predecessor-version":[{"id":224,"href":"https:\/\/lukowe.przemyska.pl\/index.php\/wp-json\/wp\/v2\/posts\/220\/revisions\/224"}],"wp:featuredmedia":[{"embeddable":true,"href":"https:\/\/lukowe.przemyska.pl\/index.php\/wp-json\/wp\/v2\/media\/222"}],"wp:attachment":[{"href":"https:\/\/lukowe.przemyska.pl\/index.php\/wp-json\/wp\/v2\/media?parent=220"}],"wp:term":[{"taxonomy":"category","embeddable":true,"href":"https:\/\/lukowe.przemyska.pl\/index.php\/wp-json\/wp\/v2\/categories?post=220"},{"taxonomy":"post_tag","embeddable":true,"href":"https:\/\/lukowe.przemyska.pl\/index.php\/wp-json\/wp\/v2\/tags?post=220"}],"curies":[{"name":"wp","href":"https:\/\/api.w.org\/{rel}","templated":true}]}}