{"id":205,"date":"2021-02-10T21:30:06","date_gmt":"2021-02-10T20:30:06","guid":{"rendered":"https:\/\/lukowe.przemyska.pl\/?p=205"},"modified":"2021-02-13T18:02:46","modified_gmt":"2021-02-13T17:02:46","slug":"katecheza-przedmalzenska-online-w-rzepedzi-luty-2021","status":"publish","type":"post","link":"https:\/\/lukowe.przemyska.pl\/index.php\/2021\/02\/10\/katecheza-przedmalzenska-online-w-rzepedzi-luty-2021\/","title":{"rendered":"Katecheza przedma\u0142\u017ce\u0144ska"},"content":{"rendered":"<p style=\"text-align: justify;\">W dniach&nbsp;<strong>19-21 lutego 2021 r.<\/strong>&nbsp;w Domu Rekolekcyjnym&nbsp;<strong>w Rzepedzi<\/strong><br \/>\nodb\u0119dzie si\u0119&nbsp;<strong>KATECHEZA PRZEDMA\u0141\u017bE\u0143SKA ONLINE<\/strong>.<!--more--><\/p>\n<p style=\"text-align: justify;\">To zaproszenie do wszystkich par, kt\u00f3re chc\u0105 dobrze przygotowa\u0107 si\u0119 do ma\u0142\u017ce\u0144stwa. W planie: \u015bwiadectwa ma\u0142\u017conk\u00f3w, kt\u00f3rzy znale\u017ali recept\u0119 na szcz\u0119\u015bliwe \u017cycie, spotkanie z lekarzami, psychologiem, poradni\u0105 \u017cycia rodzinnego, duszpasterzem. Podejmujemy tematy z zakresu: teologii sakramentu ma\u0142\u017ce\u0144stwa, kerygmatu, modlitwy, ofiarniej mi\u0142o\u015bci, prawa kanonicznego, bioetyki, uzale\u017cnie\u0144, seksualno\u015bci jako daru i zagro\u017cenia, r\u00f3\u017cnic miedzy kobiet\u0105 i m\u0119\u017cczyzn\u0105, podstawowych zasad radzenia sobie z trudnymi sytuacjami i kryzysami, itd.<\/p>\n<p style=\"text-align: justify;\"><strong>Na koniec naszych katechez ka\u017cdy otrzymuje za\u015bwiadczenie o odbyciu Katechez Przedma\u0142\u017ce\u0144skich Online zatwierdzone przez Wydzia\u0142 Duszpasterstwa Rodzin Archidiecezji Przemyskiej (wymagane przy spisywaniu protoko\u0142u przed\u015blubnego), kt\u00f3re jest respektowane przez kap\u0142an\u00f3w w kancelariach parafialnych w naszej Archidiecezji i poza jej granicami<\/strong>.<\/p>\n<p style=\"text-align: justify;\">Szczeg\u00f3\u0142owe informacje i zg\u0142oszenia:<\/p>\n<h1><a href=\"http:\/\/rzepedz.com\/\" target=\"_blank\" rel=\"noopener\"><strong><i class=\"fa fa-globe fa-\"><\/i>rzepedz.com<\/strong><\/a><\/h1>\n","protected":false},"excerpt":{"rendered":"<p>W dniach&nbsp;19-21 lutego 2021 r.&nbsp;w Domu Rekolekcyjnym&nbsp;w Rzepedzi odb\u0119dzie si\u0119&nbsp;KATECHEZA PRZEDMA\u0141\u017bE\u0143SKA ONLINE.<\/p>\n","protected":false},"author":1,"featured_media":200,"comment_status":"closed","ping_status":"closed","sticky":false,"template":"","format":"standard","meta":{"ngg_post_thumbnail":0,"footnotes":""},"categories":[1],"tags":[],"class_list":["post-205","post","type-post","status-publish","format-standard","has-post-thumbnail","hentry","category-bez-kategorii"],"_links":{"self":[{"href":"https:\/\/lukowe.przemyska.pl\/index.php\/wp-json\/wp\/v2\/posts\/205","targetHints":{"allow":["GET"]}}],"collection":[{"href":"https:\/\/lukowe.przemyska.pl\/index.php\/wp-json\/wp\/v2\/posts"}],"about":[{"href":"https:\/\/lukowe.przemyska.pl\/index.php\/wp-json\/wp\/v2\/types\/post"}],"author":[{"embeddable":true,"href":"https:\/\/lukowe.przemyska.pl\/index.php\/wp-json\/wp\/v2\/users\/1"}],"replies":[{"embeddable":true,"href":"https:\/\/lukowe.przemyska.pl\/index.php\/wp-json\/wp\/v2\/comments?post=205"}],"version-history":[{"count":4,"href":"https:\/\/lukowe.przemyska.pl\/index.php\/wp-json\/wp\/v2\/posts\/205\/revisions"}],"predecessor-version":[{"id":1137,"href":"https:\/\/lukowe.przemyska.pl\/index.php\/wp-json\/wp\/v2\/posts\/205\/revisions\/1137"}],"wp:featuredmedia":[{"embeddable":true,"href":"https:\/\/lukowe.przemyska.pl\/index.php\/wp-json\/wp\/v2\/media\/200"}],"wp:attachment":[{"href":"https:\/\/lukowe.przemyska.pl\/index.php\/wp-json\/wp\/v2\/media?parent=205"}],"wp:term":[{"taxonomy":"category","embeddable":true,"href":"https:\/\/lukowe.przemyska.pl\/index.php\/wp-json\/wp\/v2\/categories?post=205"},{"taxonomy":"post_tag","embeddable":true,"href":"https:\/\/lukowe.przemyska.pl\/index.php\/wp-json\/wp\/v2\/tags?post=205"}],"curies":[{"name":"wp","href":"https:\/\/api.w.org\/{rel}","templated":true}]}}