{"id":1926,"date":"2022-05-03T21:10:23","date_gmt":"2022-05-03T19:10:23","guid":{"rendered":"https:\/\/lukowe.przemyska.pl\/?p=1926"},"modified":"2022-05-31T21:17:36","modified_gmt":"2022-05-31T19:17:36","slug":"odpust-parafialny","status":"publish","type":"post","link":"https:\/\/lukowe.przemyska.pl\/index.php\/2022\/05\/03\/odpust-parafialny\/","title":{"rendered":"ODPUST PARAFIALNY"},"content":{"rendered":"<p style=\"text-align: justify;\">W dniu 3 maja przezywali\u015bmy uroczysto\u015b\u0107 odpustow\u0105 NMP Kr\u00f3lowej Polski. Mszy \u015bwi\u0119tej przewodniczy\u0142 i homili\u0119 wyg\u0142osi\u0142 ks. pra\u0142. Jacek Rawski, proboszcz parafii B\u0142a\u017cowa.&nbsp; Swoj\u0105 obecno\u015bci\u0105 zaszczycili nas tak\u017ce kap\u0142ani z dekanatu rzepedzkiego. Uroczysto\u015b\u0107 ubogaci\u0142y Panie z Ko\u0142a Gospody\u0144 Wiejskich ubrane w ludowe stroje, kt\u00f3re nios\u0142y figur\u0119 Matki Bo\u017cej podczas procesji.&nbsp;<\/p>\n","protected":false},"excerpt":{"rendered":"<p>W dniu 3 maja przezywali\u015bmy uroczysto\u015b\u0107 odpustow\u0105 NMP Kr\u00f3lowej Polski. Mszy \u015bwi\u0119tej przewodniczy\u0142 i homili\u0119 wyg\u0142osi\u0142 ks. pra\u0142. Jacek Rawski, proboszcz parafii B\u0142a\u017cowa.&nbsp; Swoj\u0105 obecno\u015bci\u0105 zaszczycili nas tak\u017ce kap\u0142ani z dekanatu rzepedzkiego. Uroczysto\u015b\u0107 ubogaci\u0142y Panie z Ko\u0142a Gospody\u0144 Wiejskich ubrane w ludowe stroje, kt\u00f3re nios\u0142y figur\u0119 Matki Bo\u017cej podczas procesji.&nbsp;<\/p>\n","protected":false},"author":1,"featured_media":1325,"comment_status":"closed","ping_status":"closed","sticky":false,"template":"","format":"standard","meta":{"ngg_post_thumbnail":0,"footnotes":""},"categories":[1],"tags":[],"class_list":["post-1926","post","type-post","status-publish","format-standard","has-post-thumbnail","hentry","category-bez-kategorii"],"_links":{"self":[{"href":"https:\/\/lukowe.przemyska.pl\/index.php\/wp-json\/wp\/v2\/posts\/1926","targetHints":{"allow":["GET"]}}],"collection":[{"href":"https:\/\/lukowe.przemyska.pl\/index.php\/wp-json\/wp\/v2\/posts"}],"about":[{"href":"https:\/\/lukowe.przemyska.pl\/index.php\/wp-json\/wp\/v2\/types\/post"}],"author":[{"embeddable":true,"href":"https:\/\/lukowe.przemyska.pl\/index.php\/wp-json\/wp\/v2\/users\/1"}],"replies":[{"embeddable":true,"href":"https:\/\/lukowe.przemyska.pl\/index.php\/wp-json\/wp\/v2\/comments?post=1926"}],"version-history":[{"count":3,"href":"https:\/\/lukowe.przemyska.pl\/index.php\/wp-json\/wp\/v2\/posts\/1926\/revisions"}],"predecessor-version":[{"id":1929,"href":"https:\/\/lukowe.przemyska.pl\/index.php\/wp-json\/wp\/v2\/posts\/1926\/revisions\/1929"}],"wp:featuredmedia":[{"embeddable":true,"href":"https:\/\/lukowe.przemyska.pl\/index.php\/wp-json\/wp\/v2\/media\/1325"}],"wp:attachment":[{"href":"https:\/\/lukowe.przemyska.pl\/index.php\/wp-json\/wp\/v2\/media?parent=1926"}],"wp:term":[{"taxonomy":"category","embeddable":true,"href":"https:\/\/lukowe.przemyska.pl\/index.php\/wp-json\/wp\/v2\/categories?post=1926"},{"taxonomy":"post_tag","embeddable":true,"href":"https:\/\/lukowe.przemyska.pl\/index.php\/wp-json\/wp\/v2\/tags?post=1926"}],"curies":[{"name":"wp","href":"https:\/\/api.w.org\/{rel}","templated":true}]}}