{"id":1861,"date":"2022-03-23T19:38:52","date_gmt":"2022-03-23T18:38:52","guid":{"rendered":"https:\/\/lukowe.przemyska.pl\/?p=1861"},"modified":"2022-03-23T19:58:33","modified_gmt":"2022-03-23T18:58:33","slug":"rekolekcje-wielkopostne-program","status":"publish","type":"post","link":"https:\/\/lukowe.przemyska.pl\/index.php\/2022\/03\/23\/rekolekcje-wielkopostne-program\/","title":{"rendered":""},"content":{"rendered":"<p style=\"text-align: center;\"><strong>REKOLEKCJE&nbsp; PARAFIALNE&nbsp; I SZKOLNE<\/strong><\/p>\n<p style=\"text-align: center;\"><strong>&nbsp;&nbsp;&nbsp;&nbsp;&nbsp;&nbsp;&nbsp;&nbsp;&nbsp;&nbsp;&nbsp;&nbsp;&nbsp;&nbsp;&nbsp;&nbsp;&nbsp; 25&nbsp; &#8211;&nbsp; 27. 03. 2022 r.<\/strong><\/p>\n<p style=\"text-align: center;\"><span style=\"color: #ff0000;\"><strong>PI\u0104TEK<\/strong><\/span><\/p>\n<p style=\"text-align: justify;\"><strong>GODZ.16.00 <u>\u015aREDNIE W<\/u>. &#8211;<\/strong>DROGA KRZY\u017bOWA I MSZA \u015aW.&nbsp; Z&nbsp; NAUK\u0104 OG\u00d3LN\u0104 <strong>DLA PARAFIAN<\/strong><\/p>\n<p style=\"text-align: justify;\"><strong>GODZ.18.00<\/strong>&nbsp;&nbsp;&nbsp;&nbsp;&nbsp; <strong>&nbsp;<u>\u0141UKOWE<\/u><\/strong> &nbsp;&nbsp;&#8211;&nbsp; &nbsp;DROGA KRZY\u017bOWA<strong>&nbsp; I <\/strong>MSZA \u015aW. Z NAUK\u0104 OG\u00d3LN\u0104&nbsp; <strong>DLA&nbsp; PARAFIAN&nbsp; P<\/strong><u>O MSZY \u015aW.&nbsp; NAUKA STANOWA<\/u> <strong><u>DLA kl.VI, VII, VIII SP<\/u>, <u>M\u0141ODZIE\u017bY SZKOLNEJ <\/u><\/strong><strong><u>I PRACUJ\u0104CEJ.<\/u><\/strong><\/p>\n<p style=\"text-align: center;\"><strong><span style=\"color: #ff0000;\">SOBOTA<\/span><br \/>\n<\/strong><\/p>\n<p><strong>GODZ. 10.00&nbsp;&nbsp; <u>\u0141UKOWE<\/u> &nbsp;&nbsp;&#8211; &nbsp;MSZA \u015aW.Z NAUK\u0104 OG\u00d3LN\u0104 <\/strong><strong>DLA CHORYCH.&nbsp;&nbsp;&nbsp;&nbsp; <\/strong><\/p>\n<p><strong>GODZ. 16.00&nbsp; <u>\u015aREDNIE W<\/u><\/strong>.- MSZA \u015aW Z NAUK\u0104 OG\u00d3LN\u0104&nbsp;<strong>DLA <\/strong><strong>PARAFIAN<\/strong>&nbsp;&nbsp;&nbsp;&nbsp;&nbsp;&nbsp;&nbsp;&nbsp;&nbsp;&nbsp;&nbsp;&nbsp;&nbsp;&nbsp;&nbsp;&nbsp;&nbsp;&nbsp;&nbsp;&nbsp;&nbsp;&nbsp;&nbsp;&nbsp;&nbsp;&nbsp;<\/p>\n<p><strong>GODZ. 18.00<\/strong>&nbsp;&nbsp;&nbsp; <strong><u>\u0141UKOWE<\/u><\/strong> &nbsp;&#8211;&nbsp;&nbsp;&nbsp; MSZA \u015aW.Z NAUK\u0104 OG\u00d3LN\u0104 <strong>DLA PARAFIAN <\/strong><u>PO MSZY \u015aW.&nbsp; NAUKA STANOWA DLA <strong>MA\u0141\u017bE\u0143STW <\/strong><\/u><\/p>\n<p style=\"text-align: center;\"><span style=\"color: #ff0000;\"><strong>NIEDZIELA&nbsp;<\/strong><\/span><\/p>\n<p><strong>GODZ. 7.30&nbsp;&nbsp;&nbsp;&nbsp;&nbsp;&nbsp; <u>\u0141UKOWE<\/u><\/strong>&#8211;&nbsp; MSZA \u015aW.Z NAUK\u0104 OG\u00d3LN\u0104<strong> DLA PARAFIAN<\/strong><\/p>\n<p><strong>GODZ. 9.10<\/strong>&nbsp;&nbsp;&nbsp;&nbsp;&nbsp;&nbsp; <strong><u>\u015aREDNIE W.<\/u><\/strong> &#8211; GORZKIE \u017bALE I <strong>MSZA \u015aW, Z&nbsp; NAUK\u0104 <\/strong><\/p>\n<p style=\"padding-left: 120px;\"><strong>OG\u00d3LN\u0104<\/strong> <strong>&nbsp;DLA<\/strong> &nbsp;<strong>PARAFIAN &nbsp;O <u>GODZ. &#8211;&nbsp; 9.30<\/u><\/strong><\/p>\n<p><strong>GODZ. 11.00<\/strong> &nbsp;&nbsp;&nbsp;&nbsp; <strong><u>\u0141UKOWE<\/u><\/strong> &#8211;&nbsp;&nbsp; MSZA \u015aW.<strong> Z KAZANIEM PASYJNYM <\/strong><strong>DLA <\/strong><\/p>\n<p style=\"padding-left: 120px;\"><strong>&nbsp;PARAFIAN <\/strong><strong>I GORZKIE \u017bALE,<\/strong><strong> ZAKO\u0143CZENIE&nbsp; REKOLEKCJI.<\/strong><\/p>\n","protected":false},"excerpt":{"rendered":"<p>REKOLEKCJE&nbsp; PARAFIALNE&nbsp; I SZKOLNE &nbsp;&nbsp;&nbsp;&nbsp;&nbsp;&nbsp;&nbsp;&nbsp;&nbsp;&nbsp;&nbsp;&nbsp;&nbsp;&nbsp;&nbsp;&nbsp;&nbsp; 25&nbsp; &#8211;&nbsp; 27. 03. 2022 r. PI\u0104TEK GODZ.16.00 \u015aREDNIE W. &#8211;DROGA KRZY\u017bOWA I MSZA \u015aW.&nbsp; Z&nbsp; NAUK\u0104 OG\u00d3LN\u0104 DLA PARAFIAN GODZ.18.00&nbsp;&nbsp;&nbsp;&nbsp;&nbsp; &nbsp;\u0141UKOWE &nbsp;&nbsp;&#8211;&nbsp; &nbsp;DROGA KRZY\u017bOWA&nbsp; I MSZA \u015aW. Z NAUK\u0104 OG\u00d3LN\u0104&nbsp; DLA&nbsp; PARAFIAN&nbsp; PO MSZY \u015aW.&nbsp; NAUKA STANOWA DLA kl.VI, VII, VIII SP, M\u0141ODZIE\u017bY SZKOLNEJ I PRACUJ\u0104CEJ. SOBOTA GODZ. 10.00&nbsp;&nbsp; &hellip; <a href=\"https:\/\/lukowe.przemyska.pl\/index.php\/2022\/03\/23\/rekolekcje-wielkopostne-program\/\" class=\"more-link\">Czytaj dalej<span class=\"screen-reader-text\"> \u201e\u201d<\/span><\/a><\/p>\n","protected":false},"author":1,"featured_media":1866,"comment_status":"closed","ping_status":"closed","sticky":false,"template":"","format":"standard","meta":{"ngg_post_thumbnail":0,"footnotes":""},"categories":[1],"tags":[],"class_list":["post-1861","post","type-post","status-publish","format-standard","has-post-thumbnail","hentry","category-bez-kategorii"],"_links":{"self":[{"href":"https:\/\/lukowe.przemyska.pl\/index.php\/wp-json\/wp\/v2\/posts\/1861","targetHints":{"allow":["GET"]}}],"collection":[{"href":"https:\/\/lukowe.przemyska.pl\/index.php\/wp-json\/wp\/v2\/posts"}],"about":[{"href":"https:\/\/lukowe.przemyska.pl\/index.php\/wp-json\/wp\/v2\/types\/post"}],"author":[{"embeddable":true,"href":"https:\/\/lukowe.przemyska.pl\/index.php\/wp-json\/wp\/v2\/users\/1"}],"replies":[{"embeddable":true,"href":"https:\/\/lukowe.przemyska.pl\/index.php\/wp-json\/wp\/v2\/comments?post=1861"}],"version-history":[{"count":4,"href":"https:\/\/lukowe.przemyska.pl\/index.php\/wp-json\/wp\/v2\/posts\/1861\/revisions"}],"predecessor-version":[{"id":1864,"href":"https:\/\/lukowe.przemyska.pl\/index.php\/wp-json\/wp\/v2\/posts\/1861\/revisions\/1864"}],"wp:featuredmedia":[{"embeddable":true,"href":"https:\/\/lukowe.przemyska.pl\/index.php\/wp-json\/wp\/v2\/media\/1866"}],"wp:attachment":[{"href":"https:\/\/lukowe.przemyska.pl\/index.php\/wp-json\/wp\/v2\/media?parent=1861"}],"wp:term":[{"taxonomy":"category","embeddable":true,"href":"https:\/\/lukowe.przemyska.pl\/index.php\/wp-json\/wp\/v2\/categories?post=1861"},{"taxonomy":"post_tag","embeddable":true,"href":"https:\/\/lukowe.przemyska.pl\/index.php\/wp-json\/wp\/v2\/tags?post=1861"}],"curies":[{"name":"wp","href":"https:\/\/api.w.org\/{rel}","templated":true}]}}