{"id":1831,"date":"2022-01-30T12:00:21","date_gmt":"2022-01-30T11:00:21","guid":{"rendered":"https:\/\/lukowe.przemyska.pl\/?p=1831"},"modified":"2022-02-15T11:43:01","modified_gmt":"2022-02-15T10:43:01","slug":"koncert-koled-i-pastoralek","status":"publish","type":"post","link":"https:\/\/lukowe.przemyska.pl\/index.php\/2022\/01\/30\/koncert-koled-i-pastoralek\/","title":{"rendered":"KONCERT KOL\u0118D I PASTORA\u0141EK"},"content":{"rendered":"<p>W dniu 30.01.2022 r. w naszym Ko\u015bciele Parafialnym odby\u0142 si\u0119 koncert kol\u0119d i pastora\u0142ek. Wydarzenie to przygotowa\u0142 nasz p. organista Jakub Bi\u0142as wraz z ch\u00f3rzystami z \u0141ukowego i \u015aredniego Wielkiego. Koncert trwa\u0142 oko\u0142o jednej godziny, jednak by\u0142 pi\u0119knym wydarzeniem wiary. Zach\u0119camy do obejrzenia zdj\u0119\u0107 w naszej Galerii.<\/p>\n<p>ngg_shortcode_0_placeholder<div style=\"width: 840px;\" class=\"wp-video\"><video class=\"wp-video-shortcode\" id=\"video-1831-1\" width=\"840\" height=\"471\" preload=\"metadata\" controls=\"controls\"><source type=\"video\/mp4\" src=\"https:\/\/lukowe.przemyska.pl\/wp-content\/uploads\/2022\/01\/KONCERT-KOLED-2022-1.mp4?_=1\" \/><a href=\"https:\/\/lukowe.przemyska.pl\/wp-content\/uploads\/2022\/01\/KONCERT-KOLED-2022-1.mp4\">https:\/\/lukowe.przemyska.pl\/wp-content\/uploads\/2022\/01\/KONCERT-KOLED-2022-1.mp4<\/a><\/video><\/div><\/p>\n<div style=\"width: 840px;\" class=\"wp-video\"><video class=\"wp-video-shortcode\" id=\"video-1831-2\" width=\"840\" height=\"471\" preload=\"metadata\" controls=\"controls\"><source type=\"video\/mp4\" src=\"https:\/\/lukowe.przemyska.pl\/wp-content\/uploads\/2022\/01\/KONCERT-KOLED-2022-2.mp4?_=2\" \/><a href=\"https:\/\/lukowe.przemyska.pl\/wp-content\/uploads\/2022\/01\/KONCERT-KOLED-2022-2.mp4\">https:\/\/lukowe.przemyska.pl\/wp-content\/uploads\/2022\/01\/KONCERT-KOLED-2022-2.mp4<\/a><\/video><\/div>\n<div style=\"width: 272px;\" class=\"wp-video\"><video class=\"wp-video-shortcode\" id=\"video-1831-3\" width=\"272\" height=\"480\" preload=\"metadata\" controls=\"controls\"><source type=\"video\/mp4\" src=\"https:\/\/lukowe.przemyska.pl\/wp-content\/uploads\/2022\/01\/KONCERT-KOLED-2022-3.mp4?_=3\" \/><a href=\"https:\/\/lukowe.przemyska.pl\/wp-content\/uploads\/2022\/01\/KONCERT-KOLED-2022-3.mp4\">https:\/\/lukowe.przemyska.pl\/wp-content\/uploads\/2022\/01\/KONCERT-KOLED-2022-3.mp4<\/a><\/video><\/div>\n<div style=\"width: 272px;\" class=\"wp-video\"><video class=\"wp-video-shortcode\" id=\"video-1831-4\" width=\"272\" height=\"480\" preload=\"metadata\" controls=\"controls\"><source type=\"video\/mp4\" src=\"https:\/\/lukowe.przemyska.pl\/wp-content\/uploads\/2022\/01\/KONCERT-KOLED-2022-4.mp4?_=4\" \/><a href=\"https:\/\/lukowe.przemyska.pl\/wp-content\/uploads\/2022\/01\/KONCERT-KOLED-2022-4.mp4\">https:\/\/lukowe.przemyska.pl\/wp-content\/uploads\/2022\/01\/KONCERT-KOLED-2022-4.mp4<\/a><\/video><\/div>\n<div style=\"width: 840px;\" class=\"wp-video\"><video class=\"wp-video-shortcode\" id=\"video-1831-5\" width=\"840\" height=\"471\" preload=\"metadata\" controls=\"controls\"><source type=\"video\/mp4\" src=\"https:\/\/lukowe.przemyska.pl\/wp-content\/uploads\/2022\/01\/KONCERT-KOLED-2022-5.mp4?_=5\" \/><a href=\"https:\/\/lukowe.przemyska.pl\/wp-content\/uploads\/2022\/01\/KONCERT-KOLED-2022-5.mp4\">https:\/\/lukowe.przemyska.pl\/wp-content\/uploads\/2022\/01\/KONCERT-KOLED-2022-5.mp4<\/a><\/video><\/div>\n<p>&nbsp;<\/p>\n","protected":false},"excerpt":{"rendered":"<p>W dniu 30.01.2022 r. w naszym Ko\u015bciele Parafialnym odby\u0142 si\u0119 koncert kol\u0119d i pastora\u0142ek. Wydarzenie to przygotowa\u0142 nasz p. organista Jakub Bi\u0142as wraz z ch\u00f3rzystami z \u0141ukowego i \u015aredniego Wielkiego. Koncert trwa\u0142 oko\u0142o jednej godziny, jednak by\u0142 pi\u0119knym wydarzeniem wiary. Zach\u0119camy do obejrzenia zdj\u0119\u0107 w naszej Galerii. &nbsp;<\/p>\n","protected":false},"author":1,"featured_media":0,"comment_status":"closed","ping_status":"closed","sticky":false,"template":"","format":"standard","meta":{"ngg_post_thumbnail":0,"footnotes":""},"categories":[1],"tags":[],"class_list":["post-1831","post","type-post","status-publish","format-standard","hentry","category-bez-kategorii"],"_links":{"self":[{"href":"https:\/\/lukowe.przemyska.pl\/index.php\/wp-json\/wp\/v2\/posts\/1831","targetHints":{"allow":["GET"]}}],"collection":[{"href":"https:\/\/lukowe.przemyska.pl\/index.php\/wp-json\/wp\/v2\/posts"}],"about":[{"href":"https:\/\/lukowe.przemyska.pl\/index.php\/wp-json\/wp\/v2\/types\/post"}],"author":[{"embeddable":true,"href":"https:\/\/lukowe.przemyska.pl\/index.php\/wp-json\/wp\/v2\/users\/1"}],"replies":[{"embeddable":true,"href":"https:\/\/lukowe.przemyska.pl\/index.php\/wp-json\/wp\/v2\/comments?post=1831"}],"version-history":[{"count":4,"href":"https:\/\/lukowe.przemyska.pl\/index.php\/wp-json\/wp\/v2\/posts\/1831\/revisions"}],"predecessor-version":[{"id":1841,"href":"https:\/\/lukowe.przemyska.pl\/index.php\/wp-json\/wp\/v2\/posts\/1831\/revisions\/1841"}],"wp:attachment":[{"href":"https:\/\/lukowe.przemyska.pl\/index.php\/wp-json\/wp\/v2\/media?parent=1831"}],"wp:term":[{"taxonomy":"category","embeddable":true,"href":"https:\/\/lukowe.przemyska.pl\/index.php\/wp-json\/wp\/v2\/categories?post=1831"},{"taxonomy":"post_tag","embeddable":true,"href":"https:\/\/lukowe.przemyska.pl\/index.php\/wp-json\/wp\/v2\/tags?post=1831"}],"curies":[{"name":"wp","href":"https:\/\/api.w.org\/{rel}","templated":true}]}}