{"id":1726,"date":"2021-08-21T10:20:51","date_gmt":"2021-08-21T08:20:51","guid":{"rendered":"https:\/\/lukowe.przemyska.pl\/?p=1726"},"modified":"2021-08-21T10:22:57","modified_gmt":"2021-08-21T08:22:57","slug":"dozynki-parafialne-i-koncert-piesni-maryjnych","status":"publish","type":"post","link":"https:\/\/lukowe.przemyska.pl\/index.php\/2021\/08\/21\/dozynki-parafialne-i-koncert-piesni-maryjnych\/","title":{"rendered":"DO\u017bYNKI PARAFIALNE I KONCERT PIE\u015aNI MARYJNYCH"},"content":{"rendered":"<p style=\"text-align: justify;\">W Uroczysto\u015b\u0107 Wniebowzi\u0119cia NMP nasza parafia obchodzi\u0142a bardzo pi\u0119kn\u0105 uroczysto\u015b\u0107. Czcili\u015bmy Matk\u0119 Bo\u017c\u0105 ale i obchodzili\u015bmy parafialne do\u017cynki. Dzi\u0119kowali\u015bmy za tegoroczne plony ale i tak\u017ce chcieli\u015bmy pochwali\u0107 Matk\u0119 Bo\u017c\u0105 poprzez Koncert Pie\u015bni Maryjnych. Naszych ch\u00f3rzyst\u00f3w przygotowa\u0142 p. organista Jakub Bi\u0142as. Zach\u0119camy do obejrzenia fotorelacji z tego wydarzenia. W p\u00f3\u017aniejszym terminie dodane zostan\u0105 tak\u017ce nagrania.<\/p>\n","protected":false},"excerpt":{"rendered":"<p>W Uroczysto\u015b\u0107 Wniebowzi\u0119cia NMP nasza parafia obchodzi\u0142a bardzo pi\u0119kn\u0105 uroczysto\u015b\u0107. Czcili\u015bmy Matk\u0119 Bo\u017c\u0105 ale i obchodzili\u015bmy parafialne do\u017cynki. Dzi\u0119kowali\u015bmy za tegoroczne plony ale i tak\u017ce chcieli\u015bmy pochwali\u0107 Matk\u0119 Bo\u017c\u0105 poprzez Koncert Pie\u015bni Maryjnych. Naszych ch\u00f3rzyst\u00f3w przygotowa\u0142 p. organista Jakub Bi\u0142as. Zach\u0119camy do obejrzenia fotorelacji z tego wydarzenia. W p\u00f3\u017aniejszym terminie dodane zostan\u0105 tak\u017ce nagrania.<\/p>\n","protected":false},"author":1,"featured_media":1727,"comment_status":"closed","ping_status":"closed","sticky":false,"template":"","format":"standard","meta":{"ngg_post_thumbnail":0,"footnotes":""},"categories":[1],"tags":[],"class_list":["post-1726","post","type-post","status-publish","format-standard","has-post-thumbnail","hentry","category-bez-kategorii"],"_links":{"self":[{"href":"https:\/\/lukowe.przemyska.pl\/index.php\/wp-json\/wp\/v2\/posts\/1726","targetHints":{"allow":["GET"]}}],"collection":[{"href":"https:\/\/lukowe.przemyska.pl\/index.php\/wp-json\/wp\/v2\/posts"}],"about":[{"href":"https:\/\/lukowe.przemyska.pl\/index.php\/wp-json\/wp\/v2\/types\/post"}],"author":[{"embeddable":true,"href":"https:\/\/lukowe.przemyska.pl\/index.php\/wp-json\/wp\/v2\/users\/1"}],"replies":[{"embeddable":true,"href":"https:\/\/lukowe.przemyska.pl\/index.php\/wp-json\/wp\/v2\/comments?post=1726"}],"version-history":[{"count":4,"href":"https:\/\/lukowe.przemyska.pl\/index.php\/wp-json\/wp\/v2\/posts\/1726\/revisions"}],"predecessor-version":[{"id":1729,"href":"https:\/\/lukowe.przemyska.pl\/index.php\/wp-json\/wp\/v2\/posts\/1726\/revisions\/1729"}],"wp:featuredmedia":[{"embeddable":true,"href":"https:\/\/lukowe.przemyska.pl\/index.php\/wp-json\/wp\/v2\/media\/1727"}],"wp:attachment":[{"href":"https:\/\/lukowe.przemyska.pl\/index.php\/wp-json\/wp\/v2\/media?parent=1726"}],"wp:term":[{"taxonomy":"category","embeddable":true,"href":"https:\/\/lukowe.przemyska.pl\/index.php\/wp-json\/wp\/v2\/categories?post=1726"},{"taxonomy":"post_tag","embeddable":true,"href":"https:\/\/lukowe.przemyska.pl\/index.php\/wp-json\/wp\/v2\/tags?post=1726"}],"curies":[{"name":"wp","href":"https:\/\/api.w.org\/{rel}","templated":true}]}}