{"id":1683,"date":"2021-06-28T20:40:07","date_gmt":"2021-06-28T18:40:07","guid":{"rendered":"https:\/\/lukowe.przemyska.pl\/?p=1683"},"modified":"2021-07-29T20:56:19","modified_gmt":"2021-07-29T18:56:19","slug":"50-lecie-parafii-lukowe","status":"publish","type":"post","link":"https:\/\/lukowe.przemyska.pl\/index.php\/2021\/06\/28\/50-lecie-parafii-lukowe\/","title":{"rendered":"50-lecie Parafii \u0141ukowe"},"content":{"rendered":"<p style=\"text-align: justify;\">28 czerwca br. zostanie przez naszych parafian na d\u0142ugo zapami\u0119tany. W tym dniu bowiem nasza wsp\u00f3lnota obchodzi\u0142a 50 &#8211; lecie&nbsp; Erygowania naszej Parafii. Eucharystii przewodniczy\u0142 ks. abp Adam Szal, ks. \u0141ukasz Jastrz\u0119bski &#8211; sekretarz arcybiskupa wraz z ksi\u0119\u017cmi koncelebransami m.in.: ks. J\u00f3zef Konefa\u0142 &#8211; pierwszy proboszcz, ks. Jaros\u0142aw Pacanowski, ks. Jacek Wajda, ks. Adam Liwacz, ks. Janusz Krygowski, ks. Adam Ryba, ks. Andrzej Kudyba, ks. Krzysztof Sobiecki, ks. Zbigniew Mackiewicz, ks. Robert Imbirowicz, ks. Pawe\u0142 Pomyka\u0142a, ks. Janusz Dudziak, ks. Micha\u0142 St\u0119ch\u0142y, ks. Adam Lechwar, ks. Piotr Sobczyk &#8211; obecny proboszcz, oraz dk. Dominik \u015awietlak.<\/p>\nngg_shortcode_0_placeholder\n","protected":false},"excerpt":{"rendered":"<p>28 czerwca br. zostanie przez naszych parafian na d\u0142ugo zapami\u0119tany. W tym dniu bowiem nasza wsp\u00f3lnota obchodzi\u0142a 50 &#8211; lecie&nbsp; Erygowania naszej Parafii. Eucharystii przewodniczy\u0142 ks. abp Adam Szal, ks. \u0141ukasz Jastrz\u0119bski &#8211; sekretarz arcybiskupa wraz z ksi\u0119\u017cmi koncelebransami m.in.: ks. J\u00f3zef Konefa\u0142 &#8211; pierwszy proboszcz, ks. Jaros\u0142aw Pacanowski, ks. Jacek Wajda, ks. Adam Liwacz, &hellip; <a href=\"https:\/\/lukowe.przemyska.pl\/index.php\/2021\/06\/28\/50-lecie-parafii-lukowe\/\" class=\"more-link\">Czytaj dalej<span class=\"screen-reader-text\"> \u201e50-lecie Parafii \u0141ukowe\u201d<\/span><\/a><\/p>\n","protected":false},"author":1,"featured_media":1684,"comment_status":"closed","ping_status":"closed","sticky":false,"template":"","format":"standard","meta":{"ngg_post_thumbnail":0,"footnotes":""},"categories":[1],"tags":[],"class_list":["post-1683","post","type-post","status-publish","format-standard","has-post-thumbnail","hentry","category-bez-kategorii"],"_links":{"self":[{"href":"https:\/\/lukowe.przemyska.pl\/index.php\/wp-json\/wp\/v2\/posts\/1683","targetHints":{"allow":["GET"]}}],"collection":[{"href":"https:\/\/lukowe.przemyska.pl\/index.php\/wp-json\/wp\/v2\/posts"}],"about":[{"href":"https:\/\/lukowe.przemyska.pl\/index.php\/wp-json\/wp\/v2\/types\/post"}],"author":[{"embeddable":true,"href":"https:\/\/lukowe.przemyska.pl\/index.php\/wp-json\/wp\/v2\/users\/1"}],"replies":[{"embeddable":true,"href":"https:\/\/lukowe.przemyska.pl\/index.php\/wp-json\/wp\/v2\/comments?post=1683"}],"version-history":[{"count":3,"href":"https:\/\/lukowe.przemyska.pl\/index.php\/wp-json\/wp\/v2\/posts\/1683\/revisions"}],"predecessor-version":[{"id":1688,"href":"https:\/\/lukowe.przemyska.pl\/index.php\/wp-json\/wp\/v2\/posts\/1683\/revisions\/1688"}],"wp:featuredmedia":[{"embeddable":true,"href":"https:\/\/lukowe.przemyska.pl\/index.php\/wp-json\/wp\/v2\/media\/1684"}],"wp:attachment":[{"href":"https:\/\/lukowe.przemyska.pl\/index.php\/wp-json\/wp\/v2\/media?parent=1683"}],"wp:term":[{"taxonomy":"category","embeddable":true,"href":"https:\/\/lukowe.przemyska.pl\/index.php\/wp-json\/wp\/v2\/categories?post=1683"},{"taxonomy":"post_tag","embeddable":true,"href":"https:\/\/lukowe.przemyska.pl\/index.php\/wp-json\/wp\/v2\/tags?post=1683"}],"curies":[{"name":"wp","href":"https:\/\/api.w.org\/{rel}","templated":true}]}}