{"id":1489,"date":"2021-06-05T09:39:55","date_gmt":"2021-06-05T07:39:55","guid":{"rendered":"https:\/\/lukowe.przemyska.pl\/?p=1489"},"modified":"2021-06-05T09:42:54","modified_gmt":"2021-06-05T07:42:54","slug":"uroczystosc-bozego-ciala","status":"publish","type":"post","link":"https:\/\/lukowe.przemyska.pl\/index.php\/2021\/06\/05\/uroczystosc-bozego-ciala\/","title":{"rendered":"Uroczysto\u015b\u0107 Bo\u017cego Cia\u0142a"},"content":{"rendered":"<p style=\"text-align: justify;\">Z Bo\u017c\u0105 pomoc\u0105 prze\u017cyli\u015bmy pi\u0119kn\u0105 uroczysto\u015b\u0107 w naszej wsp\u00f3lnocie parafialnej. Bo\u017ce Cia\u0142o to dzie\u0144, kiedy szczeg\u00f3lnie uczcili\u015bmy Pana Jezusa obecnego w\u015br\u00f3d nas pod postaci\u0105 chleba i wina. W tym dniu go\u015bcili\u015bmy tak\u017ce ks. Daniela Pawlaka, kt\u00f3ry przyby\u0142 do nas z b\u0142ogos\u0142awie\u0144stwem prymicyjnym. Zach\u0119camy do obejrzenia fotorelacji w naszej galerii. Kliknij <a href=\"https:\/\/lukowe.przemyska.pl\/index.php\/galeria\/2021-2\/nggallery\/2021\/boze-cialo-lukowe-i-srednie-wielkie-2021\">tutaj<\/a><\/p>\n","protected":false},"excerpt":{"rendered":"<p>Z Bo\u017c\u0105 pomoc\u0105 prze\u017cyli\u015bmy pi\u0119kn\u0105 uroczysto\u015b\u0107 w naszej wsp\u00f3lnocie parafialnej. Bo\u017ce Cia\u0142o to dzie\u0144, kiedy szczeg\u00f3lnie uczcili\u015bmy Pana Jezusa obecnego w\u015br\u00f3d nas pod postaci\u0105 chleba i wina. W tym dniu go\u015bcili\u015bmy tak\u017ce ks. Daniela Pawlaka, kt\u00f3ry przyby\u0142 do nas z b\u0142ogos\u0142awie\u0144stwem prymicyjnym. Zach\u0119camy do obejrzenia fotorelacji w naszej galerii. Kliknij tutaj<\/p>\n","protected":false},"author":1,"featured_media":1493,"comment_status":"closed","ping_status":"closed","sticky":false,"template":"","format":"standard","meta":{"ngg_post_thumbnail":0,"footnotes":""},"categories":[1],"tags":[],"class_list":["post-1489","post","type-post","status-publish","format-standard","has-post-thumbnail","hentry","category-bez-kategorii"],"_links":{"self":[{"href":"https:\/\/lukowe.przemyska.pl\/index.php\/wp-json\/wp\/v2\/posts\/1489","targetHints":{"allow":["GET"]}}],"collection":[{"href":"https:\/\/lukowe.przemyska.pl\/index.php\/wp-json\/wp\/v2\/posts"}],"about":[{"href":"https:\/\/lukowe.przemyska.pl\/index.php\/wp-json\/wp\/v2\/types\/post"}],"author":[{"embeddable":true,"href":"https:\/\/lukowe.przemyska.pl\/index.php\/wp-json\/wp\/v2\/users\/1"}],"replies":[{"embeddable":true,"href":"https:\/\/lukowe.przemyska.pl\/index.php\/wp-json\/wp\/v2\/comments?post=1489"}],"version-history":[{"count":4,"href":"https:\/\/lukowe.przemyska.pl\/index.php\/wp-json\/wp\/v2\/posts\/1489\/revisions"}],"predecessor-version":[{"id":1495,"href":"https:\/\/lukowe.przemyska.pl\/index.php\/wp-json\/wp\/v2\/posts\/1489\/revisions\/1495"}],"wp:featuredmedia":[{"embeddable":true,"href":"https:\/\/lukowe.przemyska.pl\/index.php\/wp-json\/wp\/v2\/media\/1493"}],"wp:attachment":[{"href":"https:\/\/lukowe.przemyska.pl\/index.php\/wp-json\/wp\/v2\/media?parent=1489"}],"wp:term":[{"taxonomy":"category","embeddable":true,"href":"https:\/\/lukowe.przemyska.pl\/index.php\/wp-json\/wp\/v2\/categories?post=1489"},{"taxonomy":"post_tag","embeddable":true,"href":"https:\/\/lukowe.przemyska.pl\/index.php\/wp-json\/wp\/v2\/tags?post=1489"}],"curies":[{"name":"wp","href":"https:\/\/api.w.org\/{rel}","templated":true}]}}