{"id":1295,"date":"2021-04-14T14:17:19","date_gmt":"2021-04-14T12:17:19","guid":{"rendered":"https:\/\/lukowe.przemyska.pl\/?p=1295"},"modified":"2021-04-15T10:30:53","modified_gmt":"2021-04-15T08:30:53","slug":"katecheza-przedmalzenska-w-rzepedzi","status":"publish","type":"post","link":"https:\/\/lukowe.przemyska.pl\/index.php\/2021\/04\/14\/katecheza-przedmalzenska-w-rzepedzi\/","title":{"rendered":"Katecheza Przedma\u0142\u017ce\u0144ska w Rzepedzi"},"content":{"rendered":"<p><img loading=\"lazy\" decoding=\"async\" class=\"alignleft wp-image-1296 size-large\" src=\"https:\/\/lukowe.przemyska.pl\/wp-content\/uploads\/2021\/04\/obraz_2021-04-14_141648-768x1024.png\" alt=\"\" width=\"768\" height=\"1024\" srcset=\"https:\/\/lukowe.przemyska.pl\/wp-content\/uploads\/2021\/04\/obraz_2021-04-14_141648-768x1024.png 768w, https:\/\/lukowe.przemyska.pl\/wp-content\/uploads\/2021\/04\/obraz_2021-04-14_141648-225x300.png 225w, https:\/\/lukowe.przemyska.pl\/wp-content\/uploads\/2021\/04\/obraz_2021-04-14_141648-1152x1536.png 1152w, https:\/\/lukowe.przemyska.pl\/wp-content\/uploads\/2021\/04\/obraz_2021-04-14_141648-1536x2048.png 1536w, https:\/\/lukowe.przemyska.pl\/wp-content\/uploads\/2021\/04\/obraz_2021-04-14_141648-1200x1600.png 1200w, https:\/\/lukowe.przemyska.pl\/wp-content\/uploads\/2021\/04\/obraz_2021-04-14_141648.png 1620w\" sizes=\"auto, (max-width: 709px) 85vw, (max-width: 909px) 67vw, (max-width: 984px) 61vw, (max-width: 1362px) 45vw, 600px\" \/><\/p>\n","protected":false},"excerpt":{"rendered":"","protected":false},"author":1,"featured_media":0,"comment_status":"closed","ping_status":"closed","sticky":false,"template":"","format":"quote","meta":{"ngg_post_thumbnail":0,"footnotes":""},"categories":[1],"tags":[],"class_list":["post-1295","post","type-post","status-publish","format-quote","hentry","category-bez-kategorii","post_format-post-format-quote"],"_links":{"self":[{"href":"https:\/\/lukowe.przemyska.pl\/index.php\/wp-json\/wp\/v2\/posts\/1295","targetHints":{"allow":["GET"]}}],"collection":[{"href":"https:\/\/lukowe.przemyska.pl\/index.php\/wp-json\/wp\/v2\/posts"}],"about":[{"href":"https:\/\/lukowe.przemyska.pl\/index.php\/wp-json\/wp\/v2\/types\/post"}],"author":[{"embeddable":true,"href":"https:\/\/lukowe.przemyska.pl\/index.php\/wp-json\/wp\/v2\/users\/1"}],"replies":[{"embeddable":true,"href":"https:\/\/lukowe.przemyska.pl\/index.php\/wp-json\/wp\/v2\/comments?post=1295"}],"version-history":[{"count":4,"href":"https:\/\/lukowe.przemyska.pl\/index.php\/wp-json\/wp\/v2\/posts\/1295\/revisions"}],"predecessor-version":[{"id":1301,"href":"https:\/\/lukowe.przemyska.pl\/index.php\/wp-json\/wp\/v2\/posts\/1295\/revisions\/1301"}],"wp:attachment":[{"href":"https:\/\/lukowe.przemyska.pl\/index.php\/wp-json\/wp\/v2\/media?parent=1295"}],"wp:term":[{"taxonomy":"category","embeddable":true,"href":"https:\/\/lukowe.przemyska.pl\/index.php\/wp-json\/wp\/v2\/categories?post=1295"},{"taxonomy":"post_tag","embeddable":true,"href":"https:\/\/lukowe.przemyska.pl\/index.php\/wp-json\/wp\/v2\/tags?post=1295"}],"curies":[{"name":"wp","href":"https:\/\/api.w.org\/{rel}","templated":true}]}}