{"id":1224,"date":"2021-03-06T21:57:53","date_gmt":"2021-03-06T20:57:53","guid":{"rendered":"https:\/\/lukowe.przemyska.pl\/?p=1224"},"modified":"2021-03-06T22:01:56","modified_gmt":"2021-03-06T21:01:56","slug":"rekolekcje-parafialne","status":"publish","type":"post","link":"https:\/\/lukowe.przemyska.pl\/index.php\/2021\/03\/06\/rekolekcje-parafialne\/","title":{"rendered":""},"content":{"rendered":"<p>Drodzy Parafianie!<\/p>\n<p style=\"text-align: justify;\">Serdecznie zapraszamy do wzi\u0119cia udzia\u0142u w tegorocznych Rekolekcjach Wielkopostnych, kt\u00f3re odb\u0119d\u0105 si\u0119 w dniach od 12 do 14 marca. Poprowadzi je ks. dr Jan Szel\u0105g profesor z naszego przemyskiego Seminarium. Prosimy ju\u017c teraz o modlitw\u0119 w jego intencji oraz o dobre prze\u017cycie rekolekcji dla ca\u0142ej naszej wsp\u00f3lnoty. W zwi\u0105zku z pandemi\u0105 prosimy o zachowanie&nbsp; odpowiednich \u015brodk\u00f3w ostro\u017cno\u015bci.<\/p>\n","protected":false},"excerpt":{"rendered":"<p>Drodzy Parafianie! Serdecznie zapraszamy do wzi\u0119cia udzia\u0142u w tegorocznych Rekolekcjach Wielkopostnych, kt\u00f3re odb\u0119d\u0105 si\u0119 w dniach od 12 do 14 marca. Poprowadzi je ks. dr Jan Szel\u0105g profesor z naszego przemyskiego Seminarium. Prosimy ju\u017c teraz o modlitw\u0119 w jego intencji oraz o dobre prze\u017cycie rekolekcji dla ca\u0142ej naszej wsp\u00f3lnoty. W zwi\u0105zku z pandemi\u0105 prosimy o &hellip; <a href=\"https:\/\/lukowe.przemyska.pl\/index.php\/2021\/03\/06\/rekolekcje-parafialne\/\" class=\"more-link\">Czytaj dalej<span class=\"screen-reader-text\"> \u201e\u201d<\/span><\/a><\/p>\n","protected":false},"author":1,"featured_media":1230,"comment_status":"closed","ping_status":"closed","sticky":false,"template":"","format":"standard","meta":{"ngg_post_thumbnail":0,"footnotes":""},"categories":[1],"tags":[],"class_list":["post-1224","post","type-post","status-publish","format-standard","has-post-thumbnail","hentry","category-bez-kategorii"],"_links":{"self":[{"href":"https:\/\/lukowe.przemyska.pl\/index.php\/wp-json\/wp\/v2\/posts\/1224","targetHints":{"allow":["GET"]}}],"collection":[{"href":"https:\/\/lukowe.przemyska.pl\/index.php\/wp-json\/wp\/v2\/posts"}],"about":[{"href":"https:\/\/lukowe.przemyska.pl\/index.php\/wp-json\/wp\/v2\/types\/post"}],"author":[{"embeddable":true,"href":"https:\/\/lukowe.przemyska.pl\/index.php\/wp-json\/wp\/v2\/users\/1"}],"replies":[{"embeddable":true,"href":"https:\/\/lukowe.przemyska.pl\/index.php\/wp-json\/wp\/v2\/comments?post=1224"}],"version-history":[{"count":5,"href":"https:\/\/lukowe.przemyska.pl\/index.php\/wp-json\/wp\/v2\/posts\/1224\/revisions"}],"predecessor-version":[{"id":1234,"href":"https:\/\/lukowe.przemyska.pl\/index.php\/wp-json\/wp\/v2\/posts\/1224\/revisions\/1234"}],"wp:featuredmedia":[{"embeddable":true,"href":"https:\/\/lukowe.przemyska.pl\/index.php\/wp-json\/wp\/v2\/media\/1230"}],"wp:attachment":[{"href":"https:\/\/lukowe.przemyska.pl\/index.php\/wp-json\/wp\/v2\/media?parent=1224"}],"wp:term":[{"taxonomy":"category","embeddable":true,"href":"https:\/\/lukowe.przemyska.pl\/index.php\/wp-json\/wp\/v2\/categories?post=1224"},{"taxonomy":"post_tag","embeddable":true,"href":"https:\/\/lukowe.przemyska.pl\/index.php\/wp-json\/wp\/v2\/tags?post=1224"}],"curies":[{"name":"wp","href":"https:\/\/api.w.org\/{rel}","templated":true}]}}