{"id":1208,"date":"2021-02-27T21:12:28","date_gmt":"2021-02-27T20:12:28","guid":{"rendered":"https:\/\/lukowe.przemyska.pl\/?p=1208"},"modified":"2021-02-27T21:13:00","modified_gmt":"2021-02-27T20:13:00","slug":"zmarl-waclaw-mackiewicz-tato-ks-zbigniewa-mackiewicza","status":"publish","type":"post","link":"https:\/\/lukowe.przemyska.pl\/index.php\/2021\/02\/27\/zmarl-waclaw-mackiewicz-tato-ks-zbigniewa-mackiewicza\/","title":{"rendered":"Zmar\u0142 Wac\u0142aw Mackiewicz tato. ks. Zbigniewa Mackiewicza"},"content":{"rendered":"<p style=\"text-align: justify;\">Zmar\u0142&nbsp;<strong>Wac\u0142aw Mackiewicz<\/strong>, tato&nbsp;ks. Zbigniewa Mackiewicza naszego rodaka. Uroczysto\u015bci pogrzebowe odb\u0119d\u0105 si\u0119 w&nbsp;<span style=\"color: #ff0000;\"><strong>\u015brod\u0119<\/strong>,<strong>&nbsp;3 marca&nbsp;<\/strong><\/span><strong><span style=\"color: #ff0000;\">2021 r. o godz. 14.00 <\/span><\/strong>w Parafii pw. NMP Kr\u00f3lowej Polski&nbsp;w \u0141ukowem.&nbsp;Ks. Zbigniewowi i Rodzinie sk\u0142adamy serdeczne wyrazy wsp\u00f3\u0142czucia<br \/>\ni modlitewnego wsparcia w dniach \u017ca\u0142oby.<\/p>\n<p style=\"text-align: justify;\"><em><strong>Wieczny odpoczynek racz Mu da\u0107, Panie, a \u015bwiat\u0142o\u015b\u0107 wiekuista niechaj Mu \u015bwieci!<\/strong><\/em><\/p>\n","protected":false},"excerpt":{"rendered":"<p>Zmar\u0142&nbsp;Wac\u0142aw Mackiewicz, tato&nbsp;ks. Zbigniewa Mackiewicza naszego rodaka. Uroczysto\u015bci pogrzebowe odb\u0119d\u0105 si\u0119 w&nbsp;\u015brod\u0119,&nbsp;3 marca&nbsp;2021 r. o godz. 14.00 w Parafii pw. NMP Kr\u00f3lowej Polski&nbsp;w \u0141ukowem.&nbsp;Ks. Zbigniewowi i Rodzinie sk\u0142adamy serdeczne wyrazy wsp\u00f3\u0142czucia i modlitewnego wsparcia w dniach \u017ca\u0142oby. Wieczny odpoczynek racz Mu da\u0107, Panie, a \u015bwiat\u0142o\u015b\u0107 wiekuista niechaj Mu \u015bwieci!<\/p>\n","protected":false},"author":1,"featured_media":1209,"comment_status":"closed","ping_status":"closed","sticky":false,"template":"","format":"standard","meta":{"ngg_post_thumbnail":0,"footnotes":""},"categories":[1],"tags":[],"class_list":["post-1208","post","type-post","status-publish","format-standard","has-post-thumbnail","hentry","category-bez-kategorii"],"_links":{"self":[{"href":"https:\/\/lukowe.przemyska.pl\/index.php\/wp-json\/wp\/v2\/posts\/1208","targetHints":{"allow":["GET"]}}],"collection":[{"href":"https:\/\/lukowe.przemyska.pl\/index.php\/wp-json\/wp\/v2\/posts"}],"about":[{"href":"https:\/\/lukowe.przemyska.pl\/index.php\/wp-json\/wp\/v2\/types\/post"}],"author":[{"embeddable":true,"href":"https:\/\/lukowe.przemyska.pl\/index.php\/wp-json\/wp\/v2\/users\/1"}],"replies":[{"embeddable":true,"href":"https:\/\/lukowe.przemyska.pl\/index.php\/wp-json\/wp\/v2\/comments?post=1208"}],"version-history":[{"count":3,"href":"https:\/\/lukowe.przemyska.pl\/index.php\/wp-json\/wp\/v2\/posts\/1208\/revisions"}],"predecessor-version":[{"id":1212,"href":"https:\/\/lukowe.przemyska.pl\/index.php\/wp-json\/wp\/v2\/posts\/1208\/revisions\/1212"}],"wp:featuredmedia":[{"embeddable":true,"href":"https:\/\/lukowe.przemyska.pl\/index.php\/wp-json\/wp\/v2\/media\/1209"}],"wp:attachment":[{"href":"https:\/\/lukowe.przemyska.pl\/index.php\/wp-json\/wp\/v2\/media?parent=1208"}],"wp:term":[{"taxonomy":"category","embeddable":true,"href":"https:\/\/lukowe.przemyska.pl\/index.php\/wp-json\/wp\/v2\/categories?post=1208"},{"taxonomy":"post_tag","embeddable":true,"href":"https:\/\/lukowe.przemyska.pl\/index.php\/wp-json\/wp\/v2\/tags?post=1208"}],"curies":[{"name":"wp","href":"https:\/\/api.w.org\/{rel}","templated":true}]}}