{"id":1166,"date":"2021-02-16T20:48:49","date_gmt":"2021-02-16T19:48:49","guid":{"rendered":"https:\/\/lukowe.przemyska.pl\/?p=1166"},"modified":"2021-02-16T20:49:47","modified_gmt":"2021-02-16T19:49:47","slug":"sroda-popielcowa","status":"publish","type":"post","link":"https:\/\/lukowe.przemyska.pl\/index.php\/2021\/02\/16\/sroda-popielcowa\/","title":{"rendered":"\u015aroda Popielcowa"},"content":{"rendered":"<p style=\"text-align: justify;\">\u015aroda Popielcowa rozpoczyna okres czterdziestodniowego przygotowania do najwi\u0119kszej chrze\u015bcija\u0144skiej uroczysto\u015bci &#8211; \u015awi\u0105t Paschalnych. Wielki Post, bo tak nazywa si\u0119 ten okres, trwa do pocz\u0105tku liturgii Mszy Wieczerzy Pa\u0144skiej sprawowanej w Wielki Czwartek.<!--more--><\/p>\n<p style=\"text-align: justify;\">Zwyczaj <b>posypywania g\u0142\u00f3w popio\u0142em<\/b>&nbsp;na znak \u017ca\u0142oby i pokuty, celebrowany w \u015arod\u0119 Popielcow\u0105, znany jest w wielu kulturach i tradycjach, m.in. w staro\u017cytnym Egipcie, u Arab\u00f3w i w Grecji. W liturgii pojawi\u0142 si\u0119 on w VIII w. Pierwsze \u015bwiadectwa o \u015bwi\u0119ceniu popio\u0142u pochodz\u0105 z X w. W 1091 r. papie\u017c Urban II wprowadzi\u0142 ten zwyczaj jako obowi\u0105zuj\u0105cy w ca\u0142ym Ko\u015bciele. W tym te\u017c czasie ustalono, \u017ce popi\u00f3\u0142 do posypywania g\u0142\u00f3w wiernych ma pochodzi\u0107 z palm po\u015bwi\u0119conych w Niedziel\u0119 Palmow\u0105 poprzedniego roku.<\/p>\n","protected":false},"excerpt":{"rendered":"<p>\u015aroda Popielcowa rozpoczyna okres czterdziestodniowego przygotowania do najwi\u0119kszej chrze\u015bcija\u0144skiej uroczysto\u015bci &#8211; \u015awi\u0105t Paschalnych. Wielki Post, bo tak nazywa si\u0119 ten okres, trwa do pocz\u0105tku liturgii Mszy Wieczerzy Pa\u0144skiej sprawowanej w Wielki Czwartek.<\/p>\n","protected":false},"author":1,"featured_media":1167,"comment_status":"closed","ping_status":"closed","sticky":false,"template":"","format":"standard","meta":{"ngg_post_thumbnail":0,"footnotes":""},"categories":[1],"tags":[],"class_list":["post-1166","post","type-post","status-publish","format-standard","has-post-thumbnail","hentry","category-bez-kategorii"],"_links":{"self":[{"href":"https:\/\/lukowe.przemyska.pl\/index.php\/wp-json\/wp\/v2\/posts\/1166","targetHints":{"allow":["GET"]}}],"collection":[{"href":"https:\/\/lukowe.przemyska.pl\/index.php\/wp-json\/wp\/v2\/posts"}],"about":[{"href":"https:\/\/lukowe.przemyska.pl\/index.php\/wp-json\/wp\/v2\/types\/post"}],"author":[{"embeddable":true,"href":"https:\/\/lukowe.przemyska.pl\/index.php\/wp-json\/wp\/v2\/users\/1"}],"replies":[{"embeddable":true,"href":"https:\/\/lukowe.przemyska.pl\/index.php\/wp-json\/wp\/v2\/comments?post=1166"}],"version-history":[{"count":2,"href":"https:\/\/lukowe.przemyska.pl\/index.php\/wp-json\/wp\/v2\/posts\/1166\/revisions"}],"predecessor-version":[{"id":1169,"href":"https:\/\/lukowe.przemyska.pl\/index.php\/wp-json\/wp\/v2\/posts\/1166\/revisions\/1169"}],"wp:featuredmedia":[{"embeddable":true,"href":"https:\/\/lukowe.przemyska.pl\/index.php\/wp-json\/wp\/v2\/media\/1167"}],"wp:attachment":[{"href":"https:\/\/lukowe.przemyska.pl\/index.php\/wp-json\/wp\/v2\/media?parent=1166"}],"wp:term":[{"taxonomy":"category","embeddable":true,"href":"https:\/\/lukowe.przemyska.pl\/index.php\/wp-json\/wp\/v2\/categories?post=1166"},{"taxonomy":"post_tag","embeddable":true,"href":"https:\/\/lukowe.przemyska.pl\/index.php\/wp-json\/wp\/v2\/tags?post=1166"}],"curies":[{"name":"wp","href":"https:\/\/api.w.org\/{rel}","templated":true}]}}